{"id":23527,"date":"2025-09-10T12:04:38","date_gmt":"2025-09-10T15:04:38","guid":{"rendered":"https:\/\/blogdodanielgalvao.com.br\/site\/?p=23527"},"modified":"2025-09-10T12:04:40","modified_gmt":"2025-09-10T15:04:40","slug":"cavalo-marinho-encontrado-em-cabo-frio-sera-estudado-por-universidade-do-rj","status":"publish","type":"post","link":"https:\/\/blogdodanielgalvao.com.br\/site\/cavalo-marinho-encontrado-em-cabo-frio-sera-estudado-por-universidade-do-rj\/","title":{"rendered":"Cavalo-marinho encontrado em Cabo Frio ser\u00e1 estudado por universidade do RJ"},"content":{"rendered":"\n<p>Durante patrulhamento realizado nesta ter\u00e7a-feira (9) no litoral do Per\u00f3, a Guarda Mar\u00edtima e Ambiental de Cabo Frio localizou um cavalo-marinho de aproximadamente 7 cent\u00edmetros na faixa de areia da Praia do Pontal do Per\u00f3.<\/p>\n\n\n\n<p>O achado \u00e9 considerado incomum e motivou contato imediato com a bi\u00f3loga Natalie Meurer, criadora do Projeto Cavalos Marinhos da Universidade Santa \u00darsula (RJ), a fim de obter esclarecimentos sobre a ocorr\u00eancia.<\/p>\n\n\n\n<p>De acordo com a especialista, trata-se do cavalo-marinho da Patag\u00f4nia (Hippocampus patagonicus), esp\u00e9cie rara no litoral do estado do Rio de Janeiro. Ele se diferencia do cavalo-marinho-de-focinho-longo (Hippocampus reidi), comum na costa brasileira, por apresentar focinho mais curto.<\/p>\n\n\n\n<p>\u201cO cavalo-marinho da Patag\u00f4nia vive em \u00e1guas argentinas e, no inverno, pode aparecer no litoral fluminense. Enquanto na Argentina \u00e9 encontrado em \u00e1reas rasas, aqui no Rio habita regi\u00f5es profundas, entre 30 e 40 metros, o que torna dif\u00edcil seu avistamento. Em geral, registros acontecem quando eles aparecem mortos ou presos em redes de pesca\u201d, explicou Natalie.<\/p>\n\n\n\n<p>Para o bi\u00f3logo e superintendente da Guarda Mar\u00edtima e Ambiental, Ricardo Medina, a situa\u00e7\u00e3o refor\u00e7a a necessidade de conscientiza\u00e7\u00e3o. \u201cEncontrar um cavalo-marinho da Patag\u00f4nia em Cabo Frio \u00e9 um evento raro que refor\u00e7a nosso compromisso com a prote\u00e7\u00e3o da fauna e a preserva\u00e7\u00e3o ambiental. Este exemplar ser\u00e1 encaminhado \u00e0 Universidade Santa \u00darsula, onde ser\u00e1 acompanhado por especialistas.\u201d<\/p>\n\n\n\n<p>A Guarda Civil Municipal orienta a popula\u00e7\u00e3o a n\u00e3o manusear animais marinhos encontrados na areia. Nessas situa\u00e7\u00f5es, o recomendado \u00e9 acionar os agentes pelo telefone 153, canal oficial&nbsp;da&nbsp;corpora\u00e7\u00e3o.&nbsp;&nbsp;&nbsp;<\/p>\n","protected":false},"excerpt":{"rendered":"<p>Durante patrulhamento realizado nesta ter\u00e7a-feira (9) no litoral do Per\u00f3, a Guarda Mar\u00edtima e Ambiental de Cabo Frio localizou um cavalo-marinho de aproximadamente 7 cent\u00edmetros na faixa de areia da Praia do Pontal do Per\u00f3. O achado \u00e9 considerado incomum e motivou contato imediato com a bi\u00f3loga Natalie Meurer, criadora do Projeto Cavalos Marinhos da [&hellip;]<\/p>\n","protected":false},"author":2,"featured_media":23528,"comment_status":"open","ping_status":"open","sticky":true,"template":"","format":"standard","meta":{"footnotes":""},"categories":[340],"tags":[1896],"class_list":["post-23527","post","type-post","status-publish","format-standard","has-post-thumbnail","hentry","category-cabo-frio","tag-destaque"],"_links":{"self":[{"href":"https:\/\/blogdodanielgalvao.com.br\/site\/wp-json\/wp\/v2\/posts\/23527","targetHints":{"allow":["GET"]}}],"collection":[{"href":"https:\/\/blogdodanielgalvao.com.br\/site\/wp-json\/wp\/v2\/posts"}],"about":[{"href":"https:\/\/blogdodanielgalvao.com.br\/site\/wp-json\/wp\/v2\/types\/post"}],"author":[{"embeddable":true,"href":"https:\/\/blogdodanielgalvao.com.br\/site\/wp-json\/wp\/v2\/users\/2"}],"replies":[{"embeddable":true,"href":"https:\/\/blogdodanielgalvao.com.br\/site\/wp-json\/wp\/v2\/comments?post=23527"}],"version-history":[{"count":1,"href":"https:\/\/blogdodanielgalvao.com.br\/site\/wp-json\/wp\/v2\/posts\/23527\/revisions"}],"predecessor-version":[{"id":23529,"href":"https:\/\/blogdodanielgalvao.com.br\/site\/wp-json\/wp\/v2\/posts\/23527\/revisions\/23529"}],"wp:featuredmedia":[{"embeddable":true,"href":"https:\/\/blogdodanielgalvao.com.br\/site\/wp-json\/wp\/v2\/media\/23528"}],"wp:attachment":[{"href":"https:\/\/blogdodanielgalvao.com.br\/site\/wp-json\/wp\/v2\/media?parent=23527"}],"wp:term":[{"taxonomy":"category","embeddable":true,"href":"https:\/\/blogdodanielgalvao.com.br\/site\/wp-json\/wp\/v2\/categories?post=23527"},{"taxonomy":"post_tag","embeddable":true,"href":"https:\/\/blogdodanielgalvao.com.br\/site\/wp-json\/wp\/v2\/tags?post=23527"}],"curies":[{"name":"wp","href":"https:\/\/api.w.org\/{rel}","templated":true}]}}