{"id":23152,"date":"2025-09-02T10:54:33","date_gmt":"2025-09-02T13:54:33","guid":{"rendered":"https:\/\/blogdodanielgalvao.com.br\/site\/?p=23152"},"modified":"2025-09-02T10:54:33","modified_gmt":"2025-09-02T13:54:33","slug":"procon-de-rio-das-ostras-anuncia-mutirao-de-renegociacao-de-dividas","status":"publish","type":"post","link":"https:\/\/blogdodanielgalvao.com.br\/site\/procon-de-rio-das-ostras-anuncia-mutirao-de-renegociacao-de-dividas\/","title":{"rendered":"Procon de Rio das Ostras anuncia Mutir\u00e3o de Renegocia\u00e7\u00e3o de D\u00edvidas"},"content":{"rendered":"<p>A Prefeitura de Rio das Ostras anunciou, nessa semana, a realiza\u00e7\u00e3o de um mutir\u00e3o da Coordenadoria de Prote\u00e7\u00e3o e Defesa do Consumidor (Procon), com objetivo de auxiliar consumidores que estejam com contas em atraso no munic\u00edpio.<\/p>\n<p>Batizada de Mutir\u00e3o de Renegocia\u00e7\u00e3o do Consumidor, a a\u00e7\u00e3o acontece entre os dias 10 e 12 de setembro, com agendamento pr\u00e9vio, oferecendo servi\u00e7os de negocia\u00e7\u00e3o com condi\u00e7\u00f5es especiais, diretamente com as empresas e institui\u00e7\u00f5es participantes.<\/p>\n<p>O evento celebra os 35 anos do C\u00f3digo de Defesa do Consumidor (CDC), estabelecido atrav\u00e9s da Lei Federal 8.078, de 11 de setembro de 1990, fruto do projeto do ex-ministro do Supremo Tribunal Federal (STF), Miguel Reale, fundador do antigo PPS, atual CIDADANIA.<\/p>\n<p>\u201cEssa ser\u00e1 uma oportunidade para que os consumidores coloquem suas contas em dia e recuperem o cr\u00e9dito no mercado\u201d, explicou a prefeitura.<\/p>\n<p>Para fazer o agendamento pr\u00e9vio, os interessados podem entrar em contato com o Procon de Rio das Ostras por mensagens de WhatsApp, pelo n\u00famero (22) 2771-6581, ou de maneira presencial, na sede do \u00f3rg\u00e3o, que funciona no Centro de Cidadania.<\/p>\n<p>Coordenadora executiva do Procon de Rio das Ostras, Michele Mansur ressaltou a import\u00e2ncia da a\u00e7\u00e3o, que comemora o anivers\u00e1rio do CDC, ajudando consumidores do munic\u00edpio a equilibrarem suas contas e sa\u00edrem do \u201cvermelho\u201d.<\/p>\n<p>\u201cO Feir\u00e3o \u00e9 uma chance de recome\u00e7o para os consumidores endividados. Nosso objetivo \u00e9 fortalecer a cidadania, garantir acesso a negocia\u00e7\u00f5es justas e celebrar o C\u00f3digo de Defesa do Consumidor, um instrumento para equilibrar as rela\u00e7\u00f5es de consumo. Convidamos a popula\u00e7\u00e3o para aproveitar essa oportunidade, reafirmando a for\u00e7a do consumidor e a efetividade do C\u00f3digo\u201d, avisou Michele Mansur.<\/p>\n<p>O Procon de Rio das Ostras funciona de segunda a sexta-feira, das 8h \u00e0s 18h, no Centro de Cidadania, que fica na Rua das Casuarinas, 595, no \u00c2ncora, e o mutir\u00e3o ter\u00e1 vagas limitadas e hor\u00e1rios organizados visando a maior comodidade aos\u00a0consumidores.<\/p>\n","protected":false},"excerpt":{"rendered":"<p>A Prefeitura de Rio das Ostras anunciou, nessa semana, a realiza\u00e7\u00e3o de um mutir\u00e3o da Coordenadoria de Prote\u00e7\u00e3o e Defesa do Consumidor (Procon), com objetivo de auxiliar consumidores que estejam com contas em atraso no munic\u00edpio. Batizada de Mutir\u00e3o de Renegocia\u00e7\u00e3o do Consumidor, a a\u00e7\u00e3o acontece entre os dias 10 e 12 de setembro, com [&hellip;]<\/p>\n","protected":false},"author":2,"featured_media":23153,"comment_status":"open","ping_status":"open","sticky":true,"template":"","format":"standard","meta":{"footnotes":""},"categories":[4],"tags":[1896],"class_list":["post-23152","post","type-post","status-publish","format-standard","has-post-thumbnail","hentry","category-rio-das-ostras","tag-destaque"],"_links":{"self":[{"href":"https:\/\/blogdodanielgalvao.com.br\/site\/wp-json\/wp\/v2\/posts\/23152","targetHints":{"allow":["GET"]}}],"collection":[{"href":"https:\/\/blogdodanielgalvao.com.br\/site\/wp-json\/wp\/v2\/posts"}],"about":[{"href":"https:\/\/blogdodanielgalvao.com.br\/site\/wp-json\/wp\/v2\/types\/post"}],"author":[{"embeddable":true,"href":"https:\/\/blogdodanielgalvao.com.br\/site\/wp-json\/wp\/v2\/users\/2"}],"replies":[{"embeddable":true,"href":"https:\/\/blogdodanielgalvao.com.br\/site\/wp-json\/wp\/v2\/comments?post=23152"}],"version-history":[{"count":2,"href":"https:\/\/blogdodanielgalvao.com.br\/site\/wp-json\/wp\/v2\/posts\/23152\/revisions"}],"predecessor-version":[{"id":23155,"href":"https:\/\/blogdodanielgalvao.com.br\/site\/wp-json\/wp\/v2\/posts\/23152\/revisions\/23155"}],"wp:featuredmedia":[{"embeddable":true,"href":"https:\/\/blogdodanielgalvao.com.br\/site\/wp-json\/wp\/v2\/media\/23153"}],"wp:attachment":[{"href":"https:\/\/blogdodanielgalvao.com.br\/site\/wp-json\/wp\/v2\/media?parent=23152"}],"wp:term":[{"taxonomy":"category","embeddable":true,"href":"https:\/\/blogdodanielgalvao.com.br\/site\/wp-json\/wp\/v2\/categories?post=23152"},{"taxonomy":"post_tag","embeddable":true,"href":"https:\/\/blogdodanielgalvao.com.br\/site\/wp-json\/wp\/v2\/tags?post=23152"}],"curies":[{"name":"wp","href":"https:\/\/api.w.org\/{rel}","templated":true}]}}