{"id":23130,"date":"2025-09-01T17:44:54","date_gmt":"2025-09-01T20:44:54","guid":{"rendered":"https:\/\/blogdodanielgalvao.com.br\/site\/?p=23130"},"modified":"2025-09-01T17:44:54","modified_gmt":"2025-09-01T20:44:54","slug":"impacto-das-obras-da-unidade-do-sesc-e-senac-e-celebrado-pelo-sindicomercio-em-rio-das-ostras","status":"publish","type":"post","link":"https:\/\/blogdodanielgalvao.com.br\/site\/impacto-das-obras-da-unidade-do-sesc-e-senac-e-celebrado-pelo-sindicomercio-em-rio-das-ostras\/","title":{"rendered":"Impacto das obras da unidade do Sesc e Senac \u00e9 celebrado pelo Sindicom\u00e9rcio em Rio das Ostras"},"content":{"rendered":"<p>O Sindicado Patronal do Com\u00e9rcio Varejista (Sindicom\u00e9rcio) das cidades de Rio das Ostras, Casimiro de Abreu e Silva Jardim comemorou, nessa semana, o impacto gerado pelas obras de constru\u00e7\u00e3o da 1\u00aa unidade do chamado \u201cSistema S\u201d em Rio das Ostras.<\/p>\n<p>Reunindo o Servi\u00e7o Social do Com\u00e9rcio (Sesc) e o Servi\u00e7o Nacional de Aprendizagem do Com\u00e9rcio (Senac), as obras da unidade, que est\u00e1 sendo erguida no bairro Recanto, contam com cerca de 70% de moradores da cidade entre os profissionais.<\/p>\n<p>A informa\u00e7\u00e3o foi divulgada nessa segunda-feira, 1\u00ba de setembro, pelo Sindicom\u00e9rcio, que revela que at\u00e9 o final das obras, que t\u00eam previs\u00e3o de entrega para mar\u00e7o de 2026, aproximadamente entre 120 e 130 trabalhadores ter\u00e3o participado da constru\u00e7\u00e3o.<\/p>\n<p>De acordo com a entidade, o impacto das obras da nova unidade do Sesc\/Senac em Rio das Ostras vem gerando renda e estimulando a economia local, al\u00e9m de impulsionar o setor da Constru\u00e7\u00e3o, que registrou queda de 89 postos de trabalho na cidade em julho, conforme dados da plataforma Retratos Regionais, da Federa\u00e7\u00e3o das Ind\u00fastrias do Estado do Rio (Firjan).<\/p>\n<p>Na \u00faltima sexta-feira, 29 de agosto, o presidente do Sindicom\u00e9rcio, Marcelo Ayres, esteve no local das obras, acompanhado de representantes da JZ Engenharia, empresa respons\u00e1vel pela execu\u00e7\u00e3o do projeto.<\/p>\n<p>Durante a visita ao canteiro de obras, em uma \u00e1rea de mais de 3 mil metros quadrados (m\u00b2) na Rua Jo\u00e3o Batista Cordeiro, foi exibido um v\u00eddeo em 3D, apresentando a estrutura final da unidade, que prev\u00ea um pr\u00e9dio de 4 andares, e j\u00e1 se encontra em est\u00e1gio avan\u00e7ado de constru\u00e7\u00e3o.<\/p>\n<p>\u201cO Sesc e o Senac representam uma conquista para toda a comunidade. Antes mesmo da inaugura\u00e7\u00e3o, j\u00e1 conseguimos gerar postos de trabalho e valorizar a m\u00e3o de obra local. Nosso compromisso \u00e9 seguir atuando para fortalecer o com\u00e9rcio e o desenvolvimento da cidade\u201d, afirmou Marcelo Ayres.<\/p>\n<p>Voltada para forma\u00e7\u00e3o profissional e servi\u00e7os \u00e0 popula\u00e7\u00e3o, a nova unidade do Sesc\/Senac em Rio das Ostras contar\u00e1 com espa\u00e7o para aprendizagem e forma\u00e7\u00e3o profissionais, com cursos nas \u00e1reas de sa\u00fade, est\u00e9tica, bem-estar, inform\u00e1tica e gest\u00e3o.<\/p>\n<p>Al\u00e9m disso, a unidade oferecer\u00e1 ainda espa\u00e7os de uso comunit\u00e1rio com op\u00e7\u00f5es de esporte, lazer, cultura e sa\u00fade, como academia, cl\u00ednica odontol\u00f3gica, Espa\u00e7o Sesc Sa\u00fade Mulher, galeria de artes, quadra poliesportiva e piscina.<\/p>\n","protected":false},"excerpt":{"rendered":"<p>O Sindicado Patronal do Com\u00e9rcio Varejista (Sindicom\u00e9rcio) das cidades de Rio das Ostras, Casimiro de Abreu e Silva Jardim comemorou, nessa semana, o impacto gerado pelas obras de constru\u00e7\u00e3o da 1\u00aa unidade do chamado \u201cSistema S\u201d em Rio das Ostras. Reunindo o Servi\u00e7o Social do Com\u00e9rcio (Sesc) e o Servi\u00e7o Nacional de Aprendizagem do Com\u00e9rcio [&hellip;]<\/p>\n","protected":false},"author":2,"featured_media":23131,"comment_status":"open","ping_status":"open","sticky":true,"template":"","format":"standard","meta":{"footnotes":""},"categories":[4],"tags":[2961],"class_list":["post-23130","post","type-post","status-publish","format-standard","has-post-thumbnail","hentry","category-rio-das-ostras","tag-unidade-do-sesc-e-senac"],"_links":{"self":[{"href":"https:\/\/blogdodanielgalvao.com.br\/site\/wp-json\/wp\/v2\/posts\/23130","targetHints":{"allow":["GET"]}}],"collection":[{"href":"https:\/\/blogdodanielgalvao.com.br\/site\/wp-json\/wp\/v2\/posts"}],"about":[{"href":"https:\/\/blogdodanielgalvao.com.br\/site\/wp-json\/wp\/v2\/types\/post"}],"author":[{"embeddable":true,"href":"https:\/\/blogdodanielgalvao.com.br\/site\/wp-json\/wp\/v2\/users\/2"}],"replies":[{"embeddable":true,"href":"https:\/\/blogdodanielgalvao.com.br\/site\/wp-json\/wp\/v2\/comments?post=23130"}],"version-history":[{"count":1,"href":"https:\/\/blogdodanielgalvao.com.br\/site\/wp-json\/wp\/v2\/posts\/23130\/revisions"}],"predecessor-version":[{"id":23132,"href":"https:\/\/blogdodanielgalvao.com.br\/site\/wp-json\/wp\/v2\/posts\/23130\/revisions\/23132"}],"wp:featuredmedia":[{"embeddable":true,"href":"https:\/\/blogdodanielgalvao.com.br\/site\/wp-json\/wp\/v2\/media\/23131"}],"wp:attachment":[{"href":"https:\/\/blogdodanielgalvao.com.br\/site\/wp-json\/wp\/v2\/media?parent=23130"}],"wp:term":[{"taxonomy":"category","embeddable":true,"href":"https:\/\/blogdodanielgalvao.com.br\/site\/wp-json\/wp\/v2\/categories?post=23130"},{"taxonomy":"post_tag","embeddable":true,"href":"https:\/\/blogdodanielgalvao.com.br\/site\/wp-json\/wp\/v2\/tags?post=23130"}],"curies":[{"name":"wp","href":"https:\/\/api.w.org\/{rel}","templated":true}]}}