{"id":23126,"date":"2025-09-01T16:52:33","date_gmt":"2025-09-01T19:52:33","guid":{"rendered":"https:\/\/blogdodanielgalvao.com.br\/site\/?p=23126"},"modified":"2025-09-01T16:52:33","modified_gmt":"2025-09-01T19:52:33","slug":"trio-de-estudantes-de-quissama-se-destacam-na-olimpiada-de-matematica","status":"publish","type":"post","link":"https:\/\/blogdodanielgalvao.com.br\/site\/trio-de-estudantes-de-quissama-se-destacam-na-olimpiada-de-matematica\/","title":{"rendered":"Trio de estudantes de Quissam\u00e3 se destacam na Olimp\u00edada de Matem\u00e1tica"},"content":{"rendered":"<p>Alunos da rede municipal de ensino de Quissam\u00e3 foram homenageados no \u00faltimo final de semana por seus desempenhos na Olimp\u00edada Brasileira de Matem\u00e1tica das Escolas P\u00fablicas (OBMEP). Ao todo, tr\u00eas estudantes do CIEP Municipalizado 465 Dr. Am\u00edlcar Pereira da Silva estiveram entre os homenageados.<\/p>\n<p>A cerim\u00f4nia foi realizada na \u00faltima sexta-feira (29) na C\u00e2mara de Vereadores de Campos. Familiares dos estudantes e autoridades de Quissam\u00e3 estiveram entre os presentes. Os alunos Giovana Niero dos Santos, Hugo Alves de Souza e Rafael de Souza Ferreira receberam men\u00e7\u00e3o honrosa pela participa\u00e7\u00e3o. Rafael ainda conquistou a medalha de bronze, destacando-se entre os premiados. A OBMEP \u00e9 promovida pelo Instituto de Matem\u00e1tica Pura e Aplicada (IMPA) e tem alcance nacional.<\/p>\n<p>Tamb\u00e9m presente ao evento, o secret\u00e1rio municipal de Educa\u00e7\u00e3o, Jos\u00e9 Henrique Abreu, afirmou que a premia\u00e7\u00e3o foi motivo de orgulho para a cidade.<\/p>\n<p>\u201cA premia\u00e7\u00e3o desses estudantes \u00e9 motivo de orgulho para Quissam\u00e3. Reflete a dedica\u00e7\u00e3o deles, o apoio das fam\u00edlias e o trabalho dos professores. \u00c9 um exemplo de que, com investimento e est\u00edmulo, nossos alunos podem alcan\u00e7ar voos cada vez mais altos\u201d, afirmou.<\/p>\n<p>Tamb\u00e9m participaram da cerim\u00f4nia representantes da educa\u00e7\u00e3o municipal, como as coordenadoras de Gest\u00e3o Pedag\u00f3gica da SEMED, Ver\u00f4nica Carvalho e J\u00e9ssica Barreto; a coordenadora de Educa\u00e7\u00e3o B\u00e1sica, Michele Barros; a diretora pedag\u00f3gica do CIEP, Jandra Machado; a professora de Matem\u00e1tica, Sara Damasceno; a orientadora educacional do CIEP, Germana Gomes Mathias Neto; a orientadora pedag\u00f3gica, Alba Val\u00e9ria Moraes; e a professora orientadora, Ana Tereza de Jesus.<\/p>\n<p>Para a coordenadora Ver\u00f4nica Carvalho, o resultado simboliza o esfor\u00e7o coletivo. \u201cVer esses jovens sendo reconhecidos por um feito t\u00e3o significativo nos enche de alegria. \u00c9 o fruto de um trabalho integrado entre escola, fam\u00edlia e, principalmente, a for\u00e7a de vontade dos alunos em superar desafios e se dedicarem aos estudos\u201d, destacou.<\/p>\n","protected":false},"excerpt":{"rendered":"<p>Alunos da rede municipal de ensino de Quissam\u00e3 foram homenageados no \u00faltimo final de semana por seus desempenhos na Olimp\u00edada Brasileira de Matem\u00e1tica das Escolas P\u00fablicas (OBMEP). Ao todo, tr\u00eas estudantes do CIEP Municipalizado 465 Dr. Am\u00edlcar Pereira da Silva estiveram entre os homenageados. A cerim\u00f4nia foi realizada na \u00faltima sexta-feira (29) na C\u00e2mara de [&hellip;]<\/p>\n","protected":false},"author":2,"featured_media":23127,"comment_status":"open","ping_status":"open","sticky":true,"template":"","format":"standard","meta":{"footnotes":""},"categories":[5],"tags":[2960],"class_list":["post-23126","post","type-post","status-publish","format-standard","has-post-thumbnail","hentry","category-quissama","tag-rede-municipal-de-ensino-de-quissama"],"_links":{"self":[{"href":"https:\/\/blogdodanielgalvao.com.br\/site\/wp-json\/wp\/v2\/posts\/23126","targetHints":{"allow":["GET"]}}],"collection":[{"href":"https:\/\/blogdodanielgalvao.com.br\/site\/wp-json\/wp\/v2\/posts"}],"about":[{"href":"https:\/\/blogdodanielgalvao.com.br\/site\/wp-json\/wp\/v2\/types\/post"}],"author":[{"embeddable":true,"href":"https:\/\/blogdodanielgalvao.com.br\/site\/wp-json\/wp\/v2\/users\/2"}],"replies":[{"embeddable":true,"href":"https:\/\/blogdodanielgalvao.com.br\/site\/wp-json\/wp\/v2\/comments?post=23126"}],"version-history":[{"count":1,"href":"https:\/\/blogdodanielgalvao.com.br\/site\/wp-json\/wp\/v2\/posts\/23126\/revisions"}],"predecessor-version":[{"id":23128,"href":"https:\/\/blogdodanielgalvao.com.br\/site\/wp-json\/wp\/v2\/posts\/23126\/revisions\/23128"}],"wp:featuredmedia":[{"embeddable":true,"href":"https:\/\/blogdodanielgalvao.com.br\/site\/wp-json\/wp\/v2\/media\/23127"}],"wp:attachment":[{"href":"https:\/\/blogdodanielgalvao.com.br\/site\/wp-json\/wp\/v2\/media?parent=23126"}],"wp:term":[{"taxonomy":"category","embeddable":true,"href":"https:\/\/blogdodanielgalvao.com.br\/site\/wp-json\/wp\/v2\/categories?post=23126"},{"taxonomy":"post_tag","embeddable":true,"href":"https:\/\/blogdodanielgalvao.com.br\/site\/wp-json\/wp\/v2\/tags?post=23126"}],"curies":[{"name":"wp","href":"https:\/\/api.w.org\/{rel}","templated":true}]}}