{"id":22920,"date":"2025-08-27T16:26:55","date_gmt":"2025-08-27T19:26:55","guid":{"rendered":"https:\/\/blogdodanielgalvao.com.br\/site\/?p=22920"},"modified":"2025-08-27T16:26:55","modified_gmt":"2025-08-27T19:26:55","slug":"acao-conjunta-da-pf-com-a-prf-intercepta-traficante-com-40-kg-de-maconha-em-casimiro","status":"publish","type":"post","link":"https:\/\/blogdodanielgalvao.com.br\/site\/acao-conjunta-da-pf-com-a-prf-intercepta-traficante-com-40-kg-de-maconha-em-casimiro\/","title":{"rendered":"A\u00e7\u00e3o conjunta da PF com a PRF intercepta traficante com 40 kg de maconha em Casimiro"},"content":{"rendered":"<p>Uma a\u00e7\u00e3o da Pol\u00edcia Federal (PF) em conjunto com a Pol\u00edcia Rodovi\u00e1ria Federal (PRF) resultou na pris\u00e3o em flagrante de um homem que transportava 40 quilos (kg) de maconha nessa segunda-feira, 25, em Casimiro de Abreu.<\/p>\n<p>A pris\u00e3o aconteceu na BR-101, quando policiais abordaram o ve\u00edculo, encontrando no porta-malas diversos sacos pl\u00e1sticos com as drogas j\u00e1 embaladas para consumo, que teriam como destino a cidade de Maca\u00e9.<\/p>\n<p>Segundo investiga\u00e7\u00f5es da PF, as drogas teriam sa\u00eddo do Complexo do Salgueiro, em S\u00e3o Gon\u00e7alo, considerado um dos mais violentos do Rio, rumo a comunidades de Maca\u00e9, tamb\u00e9m controladas pela fac\u00e7\u00e3o criminosa Comando Vermelho (CV).<\/p>\n<p>Depois da apreens\u00e3o das drogas, o motorista, que n\u00e3o teve a identidade divulgada, foi levado para a Delegacia de Pol\u00edcia Federal (DPF), em Maca\u00e9, onde teve confirmada a pris\u00e3o em flagrante pelo crime de tr\u00e1fico de drogas.<\/p>\n<p>Ainda segundo a PF, da DPF, o criminoso foi encaminhado ao sistema prisional do Estado, onde permanecer\u00e1 \u00e0 disposi\u00e7\u00e3o da Justi\u00e7a, e vai responder pelo crime cuja pena pode chegar a 15 anos de pris\u00e3o, al\u00e9m de pagamento de multa.<\/p>\n","protected":false},"excerpt":{"rendered":"<p>Uma a\u00e7\u00e3o da Pol\u00edcia Federal (PF) em conjunto com a Pol\u00edcia Rodovi\u00e1ria Federal (PRF) resultou na pris\u00e3o em flagrante de um homem que transportava 40 quilos (kg) de maconha nessa segunda-feira, 25, em Casimiro de Abreu. A pris\u00e3o aconteceu na BR-101, quando policiais abordaram o ve\u00edculo, encontrando no porta-malas diversos sacos pl\u00e1sticos com as drogas [&hellip;]<\/p>\n","protected":false},"author":2,"featured_media":22921,"comment_status":"open","ping_status":"open","sticky":true,"template":"","format":"standard","meta":{"footnotes":""},"categories":[1899],"tags":[494],"class_list":["post-22920","post","type-post","status-publish","format-standard","has-post-thumbnail","hentry","category-policia","tag-policia"],"_links":{"self":[{"href":"https:\/\/blogdodanielgalvao.com.br\/site\/wp-json\/wp\/v2\/posts\/22920","targetHints":{"allow":["GET"]}}],"collection":[{"href":"https:\/\/blogdodanielgalvao.com.br\/site\/wp-json\/wp\/v2\/posts"}],"about":[{"href":"https:\/\/blogdodanielgalvao.com.br\/site\/wp-json\/wp\/v2\/types\/post"}],"author":[{"embeddable":true,"href":"https:\/\/blogdodanielgalvao.com.br\/site\/wp-json\/wp\/v2\/users\/2"}],"replies":[{"embeddable":true,"href":"https:\/\/blogdodanielgalvao.com.br\/site\/wp-json\/wp\/v2\/comments?post=22920"}],"version-history":[{"count":1,"href":"https:\/\/blogdodanielgalvao.com.br\/site\/wp-json\/wp\/v2\/posts\/22920\/revisions"}],"predecessor-version":[{"id":22922,"href":"https:\/\/blogdodanielgalvao.com.br\/site\/wp-json\/wp\/v2\/posts\/22920\/revisions\/22922"}],"wp:featuredmedia":[{"embeddable":true,"href":"https:\/\/blogdodanielgalvao.com.br\/site\/wp-json\/wp\/v2\/media\/22921"}],"wp:attachment":[{"href":"https:\/\/blogdodanielgalvao.com.br\/site\/wp-json\/wp\/v2\/media?parent=22920"}],"wp:term":[{"taxonomy":"category","embeddable":true,"href":"https:\/\/blogdodanielgalvao.com.br\/site\/wp-json\/wp\/v2\/categories?post=22920"},{"taxonomy":"post_tag","embeddable":true,"href":"https:\/\/blogdodanielgalvao.com.br\/site\/wp-json\/wp\/v2\/tags?post=22920"}],"curies":[{"name":"wp","href":"https:\/\/api.w.org\/{rel}","templated":true}]}}