{"id":22914,"date":"2025-08-27T16:01:58","date_gmt":"2025-08-27T19:01:58","guid":{"rendered":"https:\/\/blogdodanielgalvao.com.br\/site\/?p=22914"},"modified":"2025-08-27T16:01:58","modified_gmt":"2025-08-27T19:01:58","slug":"prefeitura-anuncia-programacao-de-shows-da-festa-do-produtor-rural-de-araruama","status":"publish","type":"post","link":"https:\/\/blogdodanielgalvao.com.br\/site\/prefeitura-anuncia-programacao-de-shows-da-festa-do-produtor-rural-de-araruama\/","title":{"rendered":"Prefeitura anuncia programa\u00e7\u00e3o de shows da Festa do Produtor Rural de Araruama"},"content":{"rendered":"<p>Come\u00e7a nessa sexta-feira, 29, a tradicional Festa do Produtor Rural de Araruama, que acontece at\u00e9 domingo, 31 de agosto, na Pra\u00e7a de S\u00e3o Vicente, reunindo diversas atra\u00e7\u00f5es, com muita m\u00fasica ao vivo e divers\u00e3o para toda a fam\u00edlia.<\/p>\n<p>Chegando \u00e0 sua 5\u00aa edi\u00e7\u00e3o, o evento re\u00fane agricultores, produtores e empreendedores locais em um espa\u00e7o de confraterniza\u00e7\u00e3o, troca de experi\u00eancias e divulga\u00e7\u00e3o dos produtos que movimentam a economia da regi\u00e3o.<\/p>\n<p>Al\u00e9m da participa\u00e7\u00e3o dos produtores rurais da cidade, a festa contar\u00e1 com uma shows gratuitos durante os 3 dias de evento, com destaque para nomes como Junior &amp; Gustavo, Bonde do Forr\u00f3, Junior Antunes e Raylane Mendes.<\/p>\n<p>A programa\u00e7\u00e3o de shows come\u00e7a nessa sexta, com Rodrigo Cardoso, \u00e0s 20h, e Junior &amp; Gustavo, \u00e0s 22h, seguindo no s\u00e1bado, 30, com as apresenta\u00e7\u00f5es de Ana Clara, \u00e0s 12h, Matheus Marinho, \u00e0s 15h, Lucas Silva, \u00e0s 20h, e Bonde do Forr\u00f3, \u00e0s 22h, fechando no domingo, com os shows de Junior Antunes, \u00e0s 12h30, e Raylane Mendes, \u00e0s 15h.<\/p>\n<p>\u201cA 5\u00aa Festa do Produtor Rural \u00e9 um momento de celebra\u00e7\u00e3o da cultura e das tradi\u00e7\u00f5es de Araruama, reafirmando o compromisso da prefeitura em apoiar os produtores locais e oferecer eventos de qualidade para toda a popula\u00e7\u00e3o\u201d, afirmou o munic\u00edpio.<\/p>\n","protected":false},"excerpt":{"rendered":"<p>Come\u00e7a nessa sexta-feira, 29, a tradicional Festa do Produtor Rural de Araruama, que acontece at\u00e9 domingo, 31 de agosto, na Pra\u00e7a de S\u00e3o Vicente, reunindo diversas atra\u00e7\u00f5es, com muita m\u00fasica ao vivo e divers\u00e3o para toda a fam\u00edlia. Chegando \u00e0 sua 5\u00aa edi\u00e7\u00e3o, o evento re\u00fane agricultores, produtores e empreendedores locais em um espa\u00e7o de [&hellip;]<\/p>\n","protected":false},"author":2,"featured_media":22915,"comment_status":"open","ping_status":"open","sticky":true,"template":"","format":"standard","meta":{"footnotes":""},"categories":[208],"tags":[1896],"class_list":["post-22914","post","type-post","status-publish","format-standard","has-post-thumbnail","hentry","category-araruama","tag-destaque"],"_links":{"self":[{"href":"https:\/\/blogdodanielgalvao.com.br\/site\/wp-json\/wp\/v2\/posts\/22914","targetHints":{"allow":["GET"]}}],"collection":[{"href":"https:\/\/blogdodanielgalvao.com.br\/site\/wp-json\/wp\/v2\/posts"}],"about":[{"href":"https:\/\/blogdodanielgalvao.com.br\/site\/wp-json\/wp\/v2\/types\/post"}],"author":[{"embeddable":true,"href":"https:\/\/blogdodanielgalvao.com.br\/site\/wp-json\/wp\/v2\/users\/2"}],"replies":[{"embeddable":true,"href":"https:\/\/blogdodanielgalvao.com.br\/site\/wp-json\/wp\/v2\/comments?post=22914"}],"version-history":[{"count":1,"href":"https:\/\/blogdodanielgalvao.com.br\/site\/wp-json\/wp\/v2\/posts\/22914\/revisions"}],"predecessor-version":[{"id":22916,"href":"https:\/\/blogdodanielgalvao.com.br\/site\/wp-json\/wp\/v2\/posts\/22914\/revisions\/22916"}],"wp:featuredmedia":[{"embeddable":true,"href":"https:\/\/blogdodanielgalvao.com.br\/site\/wp-json\/wp\/v2\/media\/22915"}],"wp:attachment":[{"href":"https:\/\/blogdodanielgalvao.com.br\/site\/wp-json\/wp\/v2\/media?parent=22914"}],"wp:term":[{"taxonomy":"category","embeddable":true,"href":"https:\/\/blogdodanielgalvao.com.br\/site\/wp-json\/wp\/v2\/categories?post=22914"},{"taxonomy":"post_tag","embeddable":true,"href":"https:\/\/blogdodanielgalvao.com.br\/site\/wp-json\/wp\/v2\/tags?post=22914"}],"curies":[{"name":"wp","href":"https:\/\/api.w.org\/{rel}","templated":true}]}}