{"id":22911,"date":"2025-08-27T15:57:18","date_gmt":"2025-08-27T18:57:18","guid":{"rendered":"https:\/\/blogdodanielgalvao.com.br\/site\/?p=22911"},"modified":"2025-08-27T15:57:18","modified_gmt":"2025-08-27T18:57:18","slug":"orla-do-parque-nanci-em-marica-recebe-visita-tecnica-pensando-na-flim","status":"publish","type":"post","link":"https:\/\/blogdodanielgalvao.com.br\/site\/orla-do-parque-nanci-em-marica-recebe-visita-tecnica-pensando-na-flim\/","title":{"rendered":"Orla do Parque Nanci, em Maric\u00e1, recebe visita t\u00e9cnica pensando na FLIM"},"content":{"rendered":"<p>A Prefeitura de Maric\u00e1 realizou uma visita t\u00e9cnica \u00e0 Orla do Parque Nanci, local que vai sediar a 10\u00aa edi\u00e7\u00e3o da Festa Liter\u00e1ria Internacional de Maric\u00e1 (FLIM), que acontece entre os dias 5 e 14 de setembro, e homenagear\u00e1 a escritora Concei\u00e7\u00e3o Evaristo.<\/p>\n<p>De acordo com o munic\u00edpio, a a\u00e7\u00e3o contou com representantes de diversas secretarias e \u00f3rg\u00e3os, com objetivo de discutir os \u00faltimos ajustes da programa\u00e7\u00e3o, que ter\u00e1 um espa\u00e7o destinado \u00e0 preven\u00e7\u00e3o de desaparecimento de crian\u00e7as.<\/p>\n<p>O local, que contar\u00e1 com uma tenda da Secretaria de Assist\u00eancia Social e Cidadania, promete a realiza\u00e7\u00e3o de identifica\u00e7\u00e3o infantil com pulseiras, contendo o nome e telefone dos respons\u00e1veis, visando garantir mais seguran\u00e7a \u00e0s fam\u00edlias que visitarem a feira.<\/p>\n<p>Al\u00e9m disso, o secret\u00e1rio de Seguran\u00e7a Cidad\u00e3, coronel J\u00falio Veras, revelou que a FLIM contar\u00e1 com refor\u00e7o do efetivo de guardas municipais, agentes do Programa Estadual de Integra\u00e7\u00e3o na Seguran\u00e7a (PROEIS), e monitoramento em tempo integral pelo Centro Integrado de Opera\u00e7\u00f5es.<\/p>\n<p>\u201cA FLIM j\u00e1 \u00e9 um evento tradicional e essa visita demonstra o objetivo de que todas as pastas se ajudem para a realiza\u00e7\u00e3o da festa, o que reflete diretamente na experi\u00eancia dos frequentadores\u201d, afirmou o coronel J\u00falio Veras.<\/p>\n<p>Outra novidade da 10\u00aa edi\u00e7\u00e3o da feira ser\u00e1 a amplia\u00e7\u00e3o do Espa\u00e7o Acalmar, coordenado pela Secretaria da Pessoa com Defici\u00eancia e Inclus\u00e3o, que contar\u00e1 com a\u00e7\u00f5es de acolhimento n\u00e3o s\u00f3 para crian\u00e7as, mas tamb\u00e9m para jovens e adultos que precisem de um ambiente mais tranquilo durante a programa\u00e7\u00e3o.<\/p>\n<p>\u201cEstamos fazendo essa visita t\u00e9cnica do espa\u00e7o para garantir que ele seja totalmente acess\u00edvel\u201d, contou a secret\u00e1ria da pasta, Tatiana Castor.<\/p>\n<p>Al\u00e9m disso, a visita t\u00e9cnica tamb\u00e9m apresentou novos pontos de conviv\u00eancia do evento, como a pra\u00e7a gastron\u00f4mica, que ficar\u00e1 em frente ao palco principal, e os novos espa\u00e7os dedicados \u00e0 Companhia Maric\u00e1 Alimentos (Amar) e \u00e0 FLIMzinha.<\/p>\n<p>Para a edi\u00e7\u00e3o desse ano, a feira contar\u00e1 ainda com a estreia do Espa\u00e7o Jovem, um ambiente de debates voltados para a juventude e de apresenta\u00e7\u00f5es culturais, refor\u00e7ando ainda mais o tema central do evento, que ser\u00e1 \u201cEscreviv\u00eancias\u201d.<\/p>\n<p>\u201cEstamos h\u00e1 2 meses nesses preparativos para fazermos esse grande evento. \u00c9 um trabalho intenso para que tenhamos uma FLIM de grande propor\u00e7\u00e3o\u201d, disse a subsecret\u00e1ria institucional de Educa\u00e7\u00e3o, S\u00f4nia Freire.<\/p>\n<p>\u201cA popula\u00e7\u00e3o de Maric\u00e1 j\u00e1 espera esse momento e agora outras cidades tamb\u00e9m est\u00e3o vindo visitar a nossa FLIM, para desenvolverem essa atividade com os alunos dos munic\u00edpios vizinhos\u201d, completou a subsecret\u00e1ria de Ensino, Vanessa Almeida.<\/p>\n","protected":false},"excerpt":{"rendered":"<p>A Prefeitura de Maric\u00e1 realizou uma visita t\u00e9cnica \u00e0 Orla do Parque Nanci, local que vai sediar a 10\u00aa edi\u00e7\u00e3o da Festa Liter\u00e1ria Internacional de Maric\u00e1 (FLIM), que acontece entre os dias 5 e 14 de setembro, e homenagear\u00e1 a escritora Concei\u00e7\u00e3o Evaristo. De acordo com o munic\u00edpio, a a\u00e7\u00e3o contou com representantes de diversas [&hellip;]<\/p>\n","protected":false},"author":2,"featured_media":22912,"comment_status":"open","ping_status":"open","sticky":true,"template":"","format":"standard","meta":{"footnotes":""},"categories":[299],"tags":[1896],"class_list":["post-22911","post","type-post","status-publish","format-standard","has-post-thumbnail","hentry","category-marica","tag-destaque"],"_links":{"self":[{"href":"https:\/\/blogdodanielgalvao.com.br\/site\/wp-json\/wp\/v2\/posts\/22911","targetHints":{"allow":["GET"]}}],"collection":[{"href":"https:\/\/blogdodanielgalvao.com.br\/site\/wp-json\/wp\/v2\/posts"}],"about":[{"href":"https:\/\/blogdodanielgalvao.com.br\/site\/wp-json\/wp\/v2\/types\/post"}],"author":[{"embeddable":true,"href":"https:\/\/blogdodanielgalvao.com.br\/site\/wp-json\/wp\/v2\/users\/2"}],"replies":[{"embeddable":true,"href":"https:\/\/blogdodanielgalvao.com.br\/site\/wp-json\/wp\/v2\/comments?post=22911"}],"version-history":[{"count":1,"href":"https:\/\/blogdodanielgalvao.com.br\/site\/wp-json\/wp\/v2\/posts\/22911\/revisions"}],"predecessor-version":[{"id":22913,"href":"https:\/\/blogdodanielgalvao.com.br\/site\/wp-json\/wp\/v2\/posts\/22911\/revisions\/22913"}],"wp:featuredmedia":[{"embeddable":true,"href":"https:\/\/blogdodanielgalvao.com.br\/site\/wp-json\/wp\/v2\/media\/22912"}],"wp:attachment":[{"href":"https:\/\/blogdodanielgalvao.com.br\/site\/wp-json\/wp\/v2\/media?parent=22911"}],"wp:term":[{"taxonomy":"category","embeddable":true,"href":"https:\/\/blogdodanielgalvao.com.br\/site\/wp-json\/wp\/v2\/categories?post=22911"},{"taxonomy":"post_tag","embeddable":true,"href":"https:\/\/blogdodanielgalvao.com.br\/site\/wp-json\/wp\/v2\/tags?post=22911"}],"curies":[{"name":"wp","href":"https:\/\/api.w.org\/{rel}","templated":true}]}}