{"id":22897,"date":"2025-08-27T12:39:31","date_gmt":"2025-08-27T15:39:31","guid":{"rendered":"https:\/\/blogdodanielgalvao.com.br\/site\/?p=22897"},"modified":"2025-08-27T12:39:31","modified_gmt":"2025-08-27T15:39:31","slug":"decisao-do-stf-muda-prazo-para-que-suplentes-de-vereador-sejam-convocados-na-ausencia-de-titulares","status":"publish","type":"post","link":"https:\/\/blogdodanielgalvao.com.br\/site\/decisao-do-stf-muda-prazo-para-que-suplentes-de-vereador-sejam-convocados-na-ausencia-de-titulares\/","title":{"rendered":"Decis\u00e3o do STF muda prazo para que suplentes de vereador sejam convocados na aus\u00eancia de titulares"},"content":{"rendered":"<p>O Supremo Tribunal Federal (STF) determinou que suplentes de vereador s\u00f3 poder\u00e3o assumir uma vaga no Legislativo municipal quando o afastamento do titular for superior a 120 dias. Em casos de licen\u00e7as mais curtas, a cadeira permanecer\u00e1 vaga, sem convoca\u00e7\u00e3o do suplente.<\/p>\n<p>A decis\u00e3o, baseada no Princ\u00edpio da Simetria e proferida no \u00faltimo dia 24, estende \u00e0s C\u00e2maras Municipais e Assembleias Legislativas o mesmo crit\u00e9rio j\u00e1 adotado pela C\u00e2mara dos Deputados. Com isso, normas estaduais de Santa Catarina e Tocantins que previam regras diferentes perdem validade.<\/p>\n<p>Segundo o STF, a medida visa garantir uniformidade e equil\u00edbrio entre os diferentes n\u00edveis do Legislativo. Contudo, a mudan\u00e7a deve impactar pr\u00e1ticas pol\u00edticas locais, como o chamado \u201crod\u00edzio\u201d de suplentes, em que vereadores titulares se afastam por per\u00edodos curtos para permitir que suplentes assumam temporariamente, obtendo maior visibilidade pol\u00edtica.<\/p>\n<p>A decis\u00e3o j\u00e1 provoca rea\u00e7\u00f5es. A Uni\u00e3o dos Vereadores de Santa Catarina (Uvesc) anunciou que vai articular uma proposta de altera\u00e7\u00e3o constitucional para permitir maior flexibilidade na regra, alegando que isso fortalece a representatividade local.<\/p>\n<p>Com o entendimento do STF, suplentes s\u00f3 poder\u00e3o assumir a cadeira em afastamentos prolongados, como licen\u00e7as m\u00e9dicas, maternidade ou exerc\u00edcio de cargos externos com dura\u00e7\u00e3o superior\u00a0a\u00a0quatro\u00a0meses.<\/p>\n","protected":false},"excerpt":{"rendered":"<p>O Supremo Tribunal Federal (STF) determinou que suplentes de vereador s\u00f3 poder\u00e3o assumir uma vaga no Legislativo municipal quando o afastamento do titular for superior a 120 dias. Em casos de licen\u00e7as mais curtas, a cadeira permanecer\u00e1 vaga, sem convoca\u00e7\u00e3o do suplente. A decis\u00e3o, baseada no Princ\u00edpio da Simetria e proferida no \u00faltimo dia 24, [&hellip;]<\/p>\n","protected":false},"author":2,"featured_media":22898,"comment_status":"open","ping_status":"open","sticky":true,"template":"","format":"standard","meta":{"footnotes":""},"categories":[1881],"tags":[1896],"class_list":["post-22897","post","type-post","status-publish","format-standard","has-post-thumbnail","hentry","category-politica","tag-destaque"],"_links":{"self":[{"href":"https:\/\/blogdodanielgalvao.com.br\/site\/wp-json\/wp\/v2\/posts\/22897","targetHints":{"allow":["GET"]}}],"collection":[{"href":"https:\/\/blogdodanielgalvao.com.br\/site\/wp-json\/wp\/v2\/posts"}],"about":[{"href":"https:\/\/blogdodanielgalvao.com.br\/site\/wp-json\/wp\/v2\/types\/post"}],"author":[{"embeddable":true,"href":"https:\/\/blogdodanielgalvao.com.br\/site\/wp-json\/wp\/v2\/users\/2"}],"replies":[{"embeddable":true,"href":"https:\/\/blogdodanielgalvao.com.br\/site\/wp-json\/wp\/v2\/comments?post=22897"}],"version-history":[{"count":1,"href":"https:\/\/blogdodanielgalvao.com.br\/site\/wp-json\/wp\/v2\/posts\/22897\/revisions"}],"predecessor-version":[{"id":22899,"href":"https:\/\/blogdodanielgalvao.com.br\/site\/wp-json\/wp\/v2\/posts\/22897\/revisions\/22899"}],"wp:featuredmedia":[{"embeddable":true,"href":"https:\/\/blogdodanielgalvao.com.br\/site\/wp-json\/wp\/v2\/media\/22898"}],"wp:attachment":[{"href":"https:\/\/blogdodanielgalvao.com.br\/site\/wp-json\/wp\/v2\/media?parent=22897"}],"wp:term":[{"taxonomy":"category","embeddable":true,"href":"https:\/\/blogdodanielgalvao.com.br\/site\/wp-json\/wp\/v2\/categories?post=22897"},{"taxonomy":"post_tag","embeddable":true,"href":"https:\/\/blogdodanielgalvao.com.br\/site\/wp-json\/wp\/v2\/tags?post=22897"}],"curies":[{"name":"wp","href":"https:\/\/api.w.org\/{rel}","templated":true}]}}