{"id":22892,"date":"2025-08-27T12:19:51","date_gmt":"2025-08-27T15:19:51","guid":{"rendered":"https:\/\/blogdodanielgalvao.com.br\/site\/?p=22892"},"modified":"2025-08-27T12:19:51","modified_gmt":"2025-08-27T15:19:51","slug":"serie-jovens-pianistas-de-cabo-frio-destaca-talento-de-jovem-mineiro-de-18-anos","status":"publish","type":"post","link":"https:\/\/blogdodanielgalvao.com.br\/site\/serie-jovens-pianistas-de-cabo-frio-destaca-talento-de-jovem-mineiro-de-18-anos\/","title":{"rendered":"S\u00e9rie Jovens Pianistas de Cabo Frio destaca talento de jovem mineiro de 18 anos"},"content":{"rendered":"<p>A S\u00e9rie Jovens Pianistas chega \u00e0 sua 119\u00aa edi\u00e7\u00e3o neste s\u00e1bado (30), \u00e0s 19h, com a apresenta\u00e7\u00e3o do mineiro Gabriel Baggio, no Museu Charitas, em Cabo Frio. O recital ter\u00e1 entrada gratuita, com contribui\u00e7\u00e3o volunt\u00e1ria opcional.<\/p>\n<p>Natural de Belo Horizonte, Gabriel tem 18 anos e iniciou seus estudos no piano h\u00e1 apenas quatro anos. Atualmente, cursa o 2\u00ba per\u00edodo de piano erudito na Universidade Estadual de Minas Gerais, sob orienta\u00e7\u00e3o da professora J\u00fania Canton, al\u00e9m de ter acompanhamento particular com o professor Heron Alvim. O jovem pianista j\u00e1 acumula premia\u00e7\u00f5es, entre elas o 2\u00ba lugar no 1\u00ba Concurso Nacional de Piano Luiz Henrique Senise (2024) e no 30\u00ba Concurso de Piano de Ituiutaba (2023).<\/p>\n<p>Sua experi\u00eancia inclui dois anos como pianista da Orquestra Stradivarius de Belo Horizonte, com destaque para apresenta\u00e7\u00f5es no Grande Teatro do Pal\u00e1cio das Artes em 2023 e 2024. Tamb\u00e9m j\u00e1 se apresentou em diferentes espa\u00e7os culturais de Minas Gerais, como a Sala Juvenal Dias, o Teatro Santo Agostinho e o Teatro do Museu de Ci\u00eancias Naturais da PUC Minas. Gabriel participou de master classes com professores renomados e atualmente estuda teoria musical e composi\u00e7\u00e3o com o professor Marco Ant\u00f4nio Silva. Em 2024, integrou o High School Composition Intensive do Boston Conservatory at Berklee e foi aprovado para cursar Bacharelado em Composi\u00e7\u00e3o Musical na institui\u00e7\u00e3o a partir de 2025.<\/p>\n<p>O recital em Cabo Frio contar\u00e1 com obras de Villa-Lobos, Haydn, Debussy e Mendelssohn, em um programa que passeia pela m\u00fasica brasileira e europeia, explorando diferentes estilos e \u00e9pocas.<\/p>\n<p>A S\u00e9rie Jovens Pianistas, criada e dirigida por Hasenclever da Silva Oliveira, se consolidou como uma das iniciativas culturais mais importantes da cidade, promovendo a m\u00fasica cl\u00e1ssica e revelando novos talentos ao longo de sua trajet\u00f3ria.<\/p>\n<p>Localizado na Avenida Nossa Senhora da Assun\u00e7\u00e3o, n\u00ba 855, no Centro de Cabo Frio, o Charitas abrir\u00e1 suas portas para mais uma noite dedicada \u00e0 m\u00fasica erudita e \u00e0 valoriza\u00e7\u00e3o da juventude\u00a0art\u00edstica.<\/p>\n","protected":false},"excerpt":{"rendered":"<p>A S\u00e9rie Jovens Pianistas chega \u00e0 sua 119\u00aa edi\u00e7\u00e3o neste s\u00e1bado (30), \u00e0s 19h, com a apresenta\u00e7\u00e3o do mineiro Gabriel Baggio, no Museu Charitas, em Cabo Frio. O recital ter\u00e1 entrada gratuita, com contribui\u00e7\u00e3o volunt\u00e1ria opcional. Natural de Belo Horizonte, Gabriel tem 18 anos e iniciou seus estudos no piano h\u00e1 apenas quatro anos. Atualmente, [&hellip;]<\/p>\n","protected":false},"author":2,"featured_media":22895,"comment_status":"open","ping_status":"open","sticky":true,"template":"","format":"standard","meta":{"footnotes":""},"categories":[340],"tags":[1896],"class_list":["post-22892","post","type-post","status-publish","format-standard","has-post-thumbnail","hentry","category-cabo-frio","tag-destaque"],"_links":{"self":[{"href":"https:\/\/blogdodanielgalvao.com.br\/site\/wp-json\/wp\/v2\/posts\/22892","targetHints":{"allow":["GET"]}}],"collection":[{"href":"https:\/\/blogdodanielgalvao.com.br\/site\/wp-json\/wp\/v2\/posts"}],"about":[{"href":"https:\/\/blogdodanielgalvao.com.br\/site\/wp-json\/wp\/v2\/types\/post"}],"author":[{"embeddable":true,"href":"https:\/\/blogdodanielgalvao.com.br\/site\/wp-json\/wp\/v2\/users\/2"}],"replies":[{"embeddable":true,"href":"https:\/\/blogdodanielgalvao.com.br\/site\/wp-json\/wp\/v2\/comments?post=22892"}],"version-history":[{"count":1,"href":"https:\/\/blogdodanielgalvao.com.br\/site\/wp-json\/wp\/v2\/posts\/22892\/revisions"}],"predecessor-version":[{"id":22896,"href":"https:\/\/blogdodanielgalvao.com.br\/site\/wp-json\/wp\/v2\/posts\/22892\/revisions\/22896"}],"wp:featuredmedia":[{"embeddable":true,"href":"https:\/\/blogdodanielgalvao.com.br\/site\/wp-json\/wp\/v2\/media\/22895"}],"wp:attachment":[{"href":"https:\/\/blogdodanielgalvao.com.br\/site\/wp-json\/wp\/v2\/media?parent=22892"}],"wp:term":[{"taxonomy":"category","embeddable":true,"href":"https:\/\/blogdodanielgalvao.com.br\/site\/wp-json\/wp\/v2\/categories?post=22892"},{"taxonomy":"post_tag","embeddable":true,"href":"https:\/\/blogdodanielgalvao.com.br\/site\/wp-json\/wp\/v2\/tags?post=22892"}],"curies":[{"name":"wp","href":"https:\/\/api.w.org\/{rel}","templated":true}]}}