{"id":22884,"date":"2025-08-27T11:52:53","date_gmt":"2025-08-27T14:52:53","guid":{"rendered":"https:\/\/blogdodanielgalvao.com.br\/site\/?p=22884"},"modified":"2025-08-27T11:52:53","modified_gmt":"2025-08-27T14:52:53","slug":"equipes-realizam-manutencao-ecologica-na-orla-da-lagoa-de-araruama","status":"publish","type":"post","link":"https:\/\/blogdodanielgalvao.com.br\/site\/equipes-realizam-manutencao-ecologica-na-orla-da-lagoa-de-araruama\/","title":{"rendered":"Equipes realizam manuten\u00e7\u00e3o ecol\u00f3gica na orla da Lagoa de Araruama"},"content":{"rendered":"<p>A Prefeitura de Cabo Frio realizou nesta ter\u00e7a-feira (26) uma opera\u00e7\u00e3o de remo\u00e7\u00e3o de algas mortas acumuladas na orla da Lagoa de Araruama, na Praia das Palmeiras. A iniciativa integra os trabalhos conjuntos da Secretaria Municipal de Meio Ambiente, Saneamento e Clima com a Companhia de Servi\u00e7os de Cabo Frio (Comsercaf), e tem como meta reduzir impactos ambientais e prevenir o mau odor gerado pela decomposi\u00e7\u00e3o da mat\u00e9ria org\u00e2nica.<\/p>\n<p>O secret\u00e1rio de Meio Ambiente, Saneamento e Clima, Jailton Nogueira, explicou que o fen\u00f4meno \u00e9 resultado de um processo natural chamado eutrofiza\u00e7\u00e3o, quando h\u00e1 excesso de nutrientes no ambiente aqu\u00e1tico, estimulando o crescimento r\u00e1pido das algas. Ap\u00f3s a morte, elas se acumulam nas margens e no fundo da lagoa, formando uma camada de lama. Segundo ele, a retirada ajuda a evitar a turva\u00e7\u00e3o da \u00e1gua e os preju\u00edzos \u00e0 fauna local, como peixes e outros organismos.<\/p>\n<p>A a\u00e7\u00e3o est\u00e1 amparada pela legisla\u00e7\u00e3o ambiental vigente, entre elas a Portaria n\u00ba 1633\/2025, a Resolu\u00e7\u00e3o INEA n\u00ba 295\/2024 e a Resolu\u00e7\u00e3o CONEMA n\u00ba 95\/2022. Nogueira ressaltou que a interven\u00e7\u00e3o \u00e9 realizada apenas em algas mortas, caracterizadas pela cor amarelada, acastanhada ou escura, e textura viscosa. J\u00e1 as algas vivas, de tonalidade verde e ainda em atividade fotossint\u00e9tica, permanecem intocadas, de forma a n\u00e3o comprometer o ciclo natural da lagoa.<\/p>\n<p>Cerca de 20 funcion\u00e1rios da Comsercaf participaram do trabalho, utilizando caminh\u00e3o e retroescavadeira para a coleta e transporte do material. O diretor da companhia, Anderson Torres, informou que a equipe retornar\u00e1 na sexta-feira (29) para dar sequ\u00eancia ao servi\u00e7o. A expectativa \u00e9 retirar aproximadamente duas toneladas de algas mortas apenas nesta primeira etapa.<\/p>\n<p>De acordo com Torres, a parceria com a Secretaria de Meio Ambiente garante que todo o processo siga as orienta\u00e7\u00f5es t\u00e9cnicas e ambientais adequadas. \u201cNosso objetivo \u00e9 evitar transtornos \u00e0 popula\u00e7\u00e3o e manter a Praia das Palmeiras, um dos espa\u00e7os de lazer mais importantes da cidade, em boas condi\u00e7\u00f5es para moradores e visitantes\u201d,\u00a0destacou.<\/p>\n","protected":false},"excerpt":{"rendered":"<p>A Prefeitura de Cabo Frio realizou nesta ter\u00e7a-feira (26) uma opera\u00e7\u00e3o de remo\u00e7\u00e3o de algas mortas acumuladas na orla da Lagoa de Araruama, na Praia das Palmeiras. A iniciativa integra os trabalhos conjuntos da Secretaria Municipal de Meio Ambiente, Saneamento e Clima com a Companhia de Servi\u00e7os de Cabo Frio (Comsercaf), e tem como meta [&hellip;]<\/p>\n","protected":false},"author":2,"featured_media":22885,"comment_status":"open","ping_status":"open","sticky":true,"template":"","format":"standard","meta":{"footnotes":""},"categories":[340],"tags":[1896],"class_list":["post-22884","post","type-post","status-publish","format-standard","has-post-thumbnail","hentry","category-cabo-frio","tag-destaque"],"_links":{"self":[{"href":"https:\/\/blogdodanielgalvao.com.br\/site\/wp-json\/wp\/v2\/posts\/22884","targetHints":{"allow":["GET"]}}],"collection":[{"href":"https:\/\/blogdodanielgalvao.com.br\/site\/wp-json\/wp\/v2\/posts"}],"about":[{"href":"https:\/\/blogdodanielgalvao.com.br\/site\/wp-json\/wp\/v2\/types\/post"}],"author":[{"embeddable":true,"href":"https:\/\/blogdodanielgalvao.com.br\/site\/wp-json\/wp\/v2\/users\/2"}],"replies":[{"embeddable":true,"href":"https:\/\/blogdodanielgalvao.com.br\/site\/wp-json\/wp\/v2\/comments?post=22884"}],"version-history":[{"count":1,"href":"https:\/\/blogdodanielgalvao.com.br\/site\/wp-json\/wp\/v2\/posts\/22884\/revisions"}],"predecessor-version":[{"id":22886,"href":"https:\/\/blogdodanielgalvao.com.br\/site\/wp-json\/wp\/v2\/posts\/22884\/revisions\/22886"}],"wp:featuredmedia":[{"embeddable":true,"href":"https:\/\/blogdodanielgalvao.com.br\/site\/wp-json\/wp\/v2\/media\/22885"}],"wp:attachment":[{"href":"https:\/\/blogdodanielgalvao.com.br\/site\/wp-json\/wp\/v2\/media?parent=22884"}],"wp:term":[{"taxonomy":"category","embeddable":true,"href":"https:\/\/blogdodanielgalvao.com.br\/site\/wp-json\/wp\/v2\/categories?post=22884"},{"taxonomy":"post_tag","embeddable":true,"href":"https:\/\/blogdodanielgalvao.com.br\/site\/wp-json\/wp\/v2\/tags?post=22884"}],"curies":[{"name":"wp","href":"https:\/\/api.w.org\/{rel}","templated":true}]}}