{"id":22793,"date":"2025-08-26T06:57:05","date_gmt":"2025-08-26T09:57:05","guid":{"rendered":"https:\/\/blogdodanielgalvao.com.br\/site\/?p=22793"},"modified":"2025-08-26T06:57:05","modified_gmt":"2025-08-26T09:57:05","slug":"macae-cartao-educa-mais-agora-e-digital-e-credito-sera-liberado-nesta-sexta-feira","status":"publish","type":"post","link":"https:\/\/blogdodanielgalvao.com.br\/site\/macae-cartao-educa-mais-agora-e-digital-e-credito-sera-liberado-nesta-sexta-feira\/","title":{"rendered":"Maca\u00e9: Cart\u00e3o Educa Mais agora \u00e9 digital e cr\u00e9dito ser\u00e1 liberado nesta sexta-feira"},"content":{"rendered":"<p class=\"p1\"><span class=\"s1\">O prefeito de Maca\u00e9, Welberth (CID), anunciou esta semana em suas redes sociais, ao lado do secret\u00e1rio de Educa\u00e7\u00e3o, Matias Mendes, uma grande novidade para estudantes e fam\u00edlias da cidade: o Cart\u00e3o Educa Mais agora \u00e9 digital e o cr\u00e9dito ser\u00e1 liberado nesta sexta-feira, 29. Com essa mudan\u00e7a, os pais n\u00e3o precisar\u00e3o mais se deslocar at\u00e9 as escolas para retirar o cart\u00e3o f\u00edsico; basta baixar o aplicativo e utilizar o benef\u00edcio de forma imediata.<\/span><\/p>\n<p class=\"p1\"><span class=\"s1\">Matias destacou que a novidade n\u00e3o \u00e9 apenas pr\u00e1tica para os alunos: o com\u00e9rcio local tamb\u00e9m sai ganhando, com redu\u00e7\u00e3o nas taxas e aumento no lucro. \u201cEssa \u00e9 uma forma de fortalecer a economia local e incentivar a participa\u00e7\u00e3o do com\u00e9rcio nesse programa que vem transformando a educa\u00e7\u00e3o em Maca\u00e9\u201d, afirmou o secret\u00e1rio.<\/span><\/p>\n<p class=\"p1\"><span class=\"s1\">O Cart\u00e3o Educa Mais \u00e9 um programa premiado, reconhecido nacionalmente pelo SEBRAE como Prefeitura Empreendedora, gra\u00e7as \u00e0 sua capacidade de unir educa\u00e7\u00e3o de qualidade e incentivo econ\u00f4mico. Welberth refor\u00e7ou que a iniciativa vai al\u00e9m de um benef\u00edcio financeiro: \u00e9 um investimento no futuro das crian\u00e7as e no desenvolvimento do munic\u00edpio.<\/span><\/p>\n<p class=\"p1\"><span class=\"s1\">A libera\u00e7\u00e3o do cr\u00e9dito nesta sexta-feira marca um passo importante para a educa\u00e7\u00e3o em Maca\u00e9, trazendo inova\u00e7\u00e3o e praticidade para as fam\u00edlias e fortalecendo o com\u00e9rcio local. Para os moradores, \u00e9 a certeza de que a cidade est\u00e1 olhando para o futuro com responsabilidade e inova\u00e7\u00e3o, transformando o aprendizado em oportunidade real para todos.<\/span><\/p>\n","protected":false},"excerpt":{"rendered":"<p>O Cart\u00e3o Educa Mais agora \u00e9 digital e o cr\u00e9dito ser\u00e1 liberado nesta sexta-feira, 29. Com essa mudan\u00e7a, os pais n\u00e3o precisar\u00e3o mais se deslocar at\u00e9 as escolas para retirar o cart\u00e3o f\u00edsico; basta baixar o aplicativo e utilizar o benef\u00edcio de forma imediata.<\/p>\n","protected":false},"author":2,"featured_media":22794,"comment_status":"open","ping_status":"open","sticky":false,"template":"","format":"standard","meta":{"footnotes":""},"categories":[2],"tags":[2944,2943],"class_list":["post-22793","post","type-post","status-publish","format-standard","has-post-thumbnail","hentry","category-macae","tag-cartao","tag-educa-mais"],"_links":{"self":[{"href":"https:\/\/blogdodanielgalvao.com.br\/site\/wp-json\/wp\/v2\/posts\/22793","targetHints":{"allow":["GET"]}}],"collection":[{"href":"https:\/\/blogdodanielgalvao.com.br\/site\/wp-json\/wp\/v2\/posts"}],"about":[{"href":"https:\/\/blogdodanielgalvao.com.br\/site\/wp-json\/wp\/v2\/types\/post"}],"author":[{"embeddable":true,"href":"https:\/\/blogdodanielgalvao.com.br\/site\/wp-json\/wp\/v2\/users\/2"}],"replies":[{"embeddable":true,"href":"https:\/\/blogdodanielgalvao.com.br\/site\/wp-json\/wp\/v2\/comments?post=22793"}],"version-history":[{"count":2,"href":"https:\/\/blogdodanielgalvao.com.br\/site\/wp-json\/wp\/v2\/posts\/22793\/revisions"}],"predecessor-version":[{"id":22796,"href":"https:\/\/blogdodanielgalvao.com.br\/site\/wp-json\/wp\/v2\/posts\/22793\/revisions\/22796"}],"wp:featuredmedia":[{"embeddable":true,"href":"https:\/\/blogdodanielgalvao.com.br\/site\/wp-json\/wp\/v2\/media\/22794"}],"wp:attachment":[{"href":"https:\/\/blogdodanielgalvao.com.br\/site\/wp-json\/wp\/v2\/media?parent=22793"}],"wp:term":[{"taxonomy":"category","embeddable":true,"href":"https:\/\/blogdodanielgalvao.com.br\/site\/wp-json\/wp\/v2\/categories?post=22793"},{"taxonomy":"post_tag","embeddable":true,"href":"https:\/\/blogdodanielgalvao.com.br\/site\/wp-json\/wp\/v2\/tags?post=22793"}],"curies":[{"name":"wp","href":"https:\/\/api.w.org\/{rel}","templated":true}]}}