{"id":22788,"date":"2025-08-25T18:30:07","date_gmt":"2025-08-25T21:30:07","guid":{"rendered":"https:\/\/blogdodanielgalvao.com.br\/site\/?p=22788"},"modified":"2025-08-25T18:30:07","modified_gmt":"2025-08-25T21:30:07","slug":"musico-de-rio-das-ostras-falecido-em-2024-e-homenageado-mais-uma-vez-na-cidade","status":"publish","type":"post","link":"https:\/\/blogdodanielgalvao.com.br\/site\/musico-de-rio-das-ostras-falecido-em-2024-e-homenageado-mais-uma-vez-na-cidade\/","title":{"rendered":"M\u00fasico de Rio das Ostras falecido em 2024 \u00e9 homenageado mais uma vez na cidade"},"content":{"rendered":"<p>O pr\u00e9dio da sede da Funda\u00e7\u00e3o Rio das Ostras de Cultura (FROC), no Centro, ganhou o nome do maestro Maur\u00edcio Libardi J\u00fanior, falecido em mar\u00e7o de 2024, v\u00edtima de leucemia, e que foi mais uma vez homenageado pelo munic\u00edpio.<\/p>\n<p>A cerim\u00f4nia de inaugura\u00e7\u00e3o do novo nome do pr\u00e9dio aconteceu na \u00faltima quinta-feira, 21, com a presen\u00e7a da fam\u00edlia do m\u00fasico, arranjador e maestro, al\u00e9m de amigos pr\u00f3ximos, em um evento \u00edntimo na sala de cinema da sede da FROC.<\/p>\n<p>\u201cDar o nome de Maur\u00edcio Libardi J\u00fanior a este pr\u00e9dio \u00e9 um reconhecimento merecido ao m\u00fasico e ser humano que tocou a alma de nossa cidade com seu talento e sensibilidade. Conhecido como \u2018Maestro\u2019, Mauricinho se destacou por sua criatividade e dedica\u00e7\u00e3o, inspirando a cultura de Rio das Ostras. Eternizar sua presen\u00e7a aqui \u00e9 garantir que seu legado continue a inspirar as futuras gera\u00e7\u00f5es, provando que a mem\u00f3ria de um artista t\u00e3o completo e generoso jamais vai se apagar\u201d, afirmou a presidente da FROC, Rosemarie Teixeira.<\/p>\n<p>A solenidade contou ainda com a presen\u00e7a dos pais, irm\u00e3os, filhas e amigos do artista, que celebraram a vida do \u201cMaestro\u201d e a arte que ele tanto amava, refor\u00e7ando a gratid\u00e3o e o carinho ao m\u00fasico.<\/p>\n<p>O evento foi iniciado com o acendimento de uma vela para simbolizar a luz do legado do artista, seguido de um curta-document\u00e1rio de cerca de 15 minutos, produzido por Rodrigo Pontes, que resgatou a jornada de Maur\u00edcio Libardi J\u00fanior com depoimentos emocionantes da m\u00e3e e de amigos m\u00fasicos, fechando com a leitura de um poema dedicado a ele, escrito por suas filhas.<\/p>\n<p>Al\u00e9m do novo nome, fruto de um projeto de lei de autoria dos vereadores Betinho (UNI\u00c3O) e Cl\u00e1udio da Farm\u00e1cia (MDB), a sede da FROC ganhou tamb\u00e9m um espa\u00e7o dedicado ao maestro, com uma exposi\u00e7\u00e3o de fotografias.<\/p>\n<p>Pianista, arranjador e maestro, Maur\u00edcio Libardi J\u00fanior tamb\u00e9m atuou como pintor e escritor, sendo querido na comunidade e deixando sua marca em diversos projetos musicais, participando por anos do coral Vozes do Leripe, e colaborando em muitas edi\u00e7\u00f5es do tradicional Festival de Novos Talentos.<\/p>\n","protected":false},"excerpt":{"rendered":"<p>O pr\u00e9dio da sede da Funda\u00e7\u00e3o Rio das Ostras de Cultura (FROC), no Centro, ganhou o nome do maestro Maur\u00edcio Libardi J\u00fanior, falecido em mar\u00e7o de 2024, v\u00edtima de leucemia, e que foi mais uma vez homenageado pelo munic\u00edpio. A cerim\u00f4nia de inaugura\u00e7\u00e3o do novo nome do pr\u00e9dio aconteceu na \u00faltima quinta-feira, 21, com a [&hellip;]<\/p>\n","protected":false},"author":2,"featured_media":22790,"comment_status":"open","ping_status":"open","sticky":true,"template":"","format":"standard","meta":{"footnotes":""},"categories":[4],"tags":[2942],"class_list":["post-22788","post","type-post","status-publish","format-standard","has-post-thumbnail","hentry","category-rio-das-ostras","tag-maestro-mauricio-libardi-junior"],"_links":{"self":[{"href":"https:\/\/blogdodanielgalvao.com.br\/site\/wp-json\/wp\/v2\/posts\/22788","targetHints":{"allow":["GET"]}}],"collection":[{"href":"https:\/\/blogdodanielgalvao.com.br\/site\/wp-json\/wp\/v2\/posts"}],"about":[{"href":"https:\/\/blogdodanielgalvao.com.br\/site\/wp-json\/wp\/v2\/types\/post"}],"author":[{"embeddable":true,"href":"https:\/\/blogdodanielgalvao.com.br\/site\/wp-json\/wp\/v2\/users\/2"}],"replies":[{"embeddable":true,"href":"https:\/\/blogdodanielgalvao.com.br\/site\/wp-json\/wp\/v2\/comments?post=22788"}],"version-history":[{"count":1,"href":"https:\/\/blogdodanielgalvao.com.br\/site\/wp-json\/wp\/v2\/posts\/22788\/revisions"}],"predecessor-version":[{"id":22791,"href":"https:\/\/blogdodanielgalvao.com.br\/site\/wp-json\/wp\/v2\/posts\/22788\/revisions\/22791"}],"wp:featuredmedia":[{"embeddable":true,"href":"https:\/\/blogdodanielgalvao.com.br\/site\/wp-json\/wp\/v2\/media\/22790"}],"wp:attachment":[{"href":"https:\/\/blogdodanielgalvao.com.br\/site\/wp-json\/wp\/v2\/media?parent=22788"}],"wp:term":[{"taxonomy":"category","embeddable":true,"href":"https:\/\/blogdodanielgalvao.com.br\/site\/wp-json\/wp\/v2\/categories?post=22788"},{"taxonomy":"post_tag","embeddable":true,"href":"https:\/\/blogdodanielgalvao.com.br\/site\/wp-json\/wp\/v2\/tags?post=22788"}],"curies":[{"name":"wp","href":"https:\/\/api.w.org\/{rel}","templated":true}]}}