{"id":22785,"date":"2025-08-25T17:24:04","date_gmt":"2025-08-25T20:24:04","guid":{"rendered":"https:\/\/blogdodanielgalvao.com.br\/site\/?p=22785"},"modified":"2025-08-25T17:24:04","modified_gmt":"2025-08-25T20:24:04","slug":"educacao-em-expansao-escolas-em-construcao-no-aeroporto-e-no-frade-avancam-em-macae","status":"publish","type":"post","link":"https:\/\/blogdodanielgalvao.com.br\/site\/educacao-em-expansao-escolas-em-construcao-no-aeroporto-e-no-frade-avancam-em-macae\/","title":{"rendered":"Educa\u00e7\u00e3o em expans\u00e3o: escolas em constru\u00e7\u00e3o no Aeroporto e no Frade avan\u00e7am em Maca\u00e9"},"content":{"rendered":"<p>Maca\u00e9 ganhar\u00e1 no futuro duas novas escolas que v\u00e3o refor\u00e7ar a rede municipal de ensino. Uma delas ser\u00e1 voltada para a educa\u00e7\u00e3o infantil, na Rua Zumbi dos Palmares, no Parque Aeroporto. J\u00e1 a segunda ficar\u00e1 no Frade, regi\u00e3o serrana de Maca\u00e9. A previs\u00e3o \u00e9 que as duas unidades sejam entregues para \u00e0 popula\u00e7\u00e3o no ano que vem.<\/p>\n<p>De acordo com a Secretaria de Obras, a escola do Aeroporto j\u00e1 est\u00e1 em andamento. A unidade ter\u00e1 um sistema constr\u00faido com paredes alveolares que se comportam como paredes estruturais. Os respons\u00e1veis tamb\u00e9m divulgaram que as demoli\u00e7\u00f5es da antiga estrutura j\u00e1 foram realizadas. Parte do servi\u00e7o de alvenaria e cobertura j\u00e1 foram executadas. Outra boa not\u00edcia \u00e9 que a funda\u00e7\u00e3o e estrutura tamb\u00e9m est\u00e3o finalizadas.<\/p>\n<p>&#8220;Atualmente est\u00e3o em andamento os servi\u00e7os de acabamento das platibandas, montagem do telhado, instala\u00e7\u00f5es hidr\u00e1ulicas, instala\u00e7\u00f5es el\u00e9tricas e instala\u00e7\u00f5es de drenagem&#8221;, detalhou o Secret\u00e1rio Executivo de Obras, Felipe Bastos.<\/p>\n<p>J\u00e1 no Frade as obras est\u00e3o assim: aterro de regulariza\u00e7\u00e3o do terreno em execu\u00e7\u00e3o (aproximadamente 70%); acesso com sapatas conclu\u00eddas, baldrames em execu\u00e7\u00e3o (70%) e aterro em execu\u00e7\u00e3o; a escola est\u00e1 com sapatas conclu\u00eddas, baldrames conclu\u00eddos, aterro em execu\u00e7\u00e3o, pilares em execu\u00e7\u00e3o (30%); a quadra com sapatas conclu\u00eddas e baldrames em execu\u00e7\u00e3o (20%); e o muro com sapatas em execu\u00e7\u00e3o (5%) e baldrames em execu\u00e7\u00e3o (20%).<\/p>\n","protected":false},"excerpt":{"rendered":"<p>Maca\u00e9 ganhar\u00e1 no futuro duas novas escolas que v\u00e3o refor\u00e7ar a rede municipal de ensino. Uma delas ser\u00e1 voltada para a educa\u00e7\u00e3o infantil, na Rua Zumbi dos Palmares, no Parque Aeroporto. J\u00e1 a segunda ficar\u00e1 no Frade, regi\u00e3o serrana de Maca\u00e9. A previs\u00e3o \u00e9 que as duas unidades sejam entregues para \u00e0 popula\u00e7\u00e3o no ano [&hellip;]<\/p>\n","protected":false},"author":2,"featured_media":22786,"comment_status":"open","ping_status":"open","sticky":false,"template":"","format":"standard","meta":{"footnotes":""},"categories":[2],"tags":[],"class_list":["post-22785","post","type-post","status-publish","format-standard","has-post-thumbnail","hentry","category-macae"],"_links":{"self":[{"href":"https:\/\/blogdodanielgalvao.com.br\/site\/wp-json\/wp\/v2\/posts\/22785","targetHints":{"allow":["GET"]}}],"collection":[{"href":"https:\/\/blogdodanielgalvao.com.br\/site\/wp-json\/wp\/v2\/posts"}],"about":[{"href":"https:\/\/blogdodanielgalvao.com.br\/site\/wp-json\/wp\/v2\/types\/post"}],"author":[{"embeddable":true,"href":"https:\/\/blogdodanielgalvao.com.br\/site\/wp-json\/wp\/v2\/users\/2"}],"replies":[{"embeddable":true,"href":"https:\/\/blogdodanielgalvao.com.br\/site\/wp-json\/wp\/v2\/comments?post=22785"}],"version-history":[{"count":1,"href":"https:\/\/blogdodanielgalvao.com.br\/site\/wp-json\/wp\/v2\/posts\/22785\/revisions"}],"predecessor-version":[{"id":22787,"href":"https:\/\/blogdodanielgalvao.com.br\/site\/wp-json\/wp\/v2\/posts\/22785\/revisions\/22787"}],"wp:featuredmedia":[{"embeddable":true,"href":"https:\/\/blogdodanielgalvao.com.br\/site\/wp-json\/wp\/v2\/media\/22786"}],"wp:attachment":[{"href":"https:\/\/blogdodanielgalvao.com.br\/site\/wp-json\/wp\/v2\/media?parent=22785"}],"wp:term":[{"taxonomy":"category","embeddable":true,"href":"https:\/\/blogdodanielgalvao.com.br\/site\/wp-json\/wp\/v2\/categories?post=22785"},{"taxonomy":"post_tag","embeddable":true,"href":"https:\/\/blogdodanielgalvao.com.br\/site\/wp-json\/wp\/v2\/tags?post=22785"}],"curies":[{"name":"wp","href":"https:\/\/api.w.org\/{rel}","templated":true}]}}