{"id":22768,"date":"2025-08-25T16:04:53","date_gmt":"2025-08-25T19:04:53","guid":{"rendered":"https:\/\/blogdodanielgalvao.com.br\/site\/?p=22768"},"modified":"2025-08-25T16:04:53","modified_gmt":"2025-08-25T19:04:53","slug":"comunidade-do-manoel-correa-recebe-sessao-de-cinema-ao-ar-livre-em-cabo-frio","status":"publish","type":"post","link":"https:\/\/blogdodanielgalvao.com.br\/site\/comunidade-do-manoel-correa-recebe-sessao-de-cinema-ao-ar-livre-em-cabo-frio\/","title":{"rendered":"Comunidade do Manoel Corr\u00eaa recebe sess\u00e3o de cinema ao ar livre em Cabo Frio"},"content":{"rendered":"<p>A proposta do evento vai al\u00e9m da exibi\u00e7\u00e3o do filme. A a\u00e7\u00e3o tem como objetivo democratizar o acesso \u00e0 arte, aproximar os moradores da produ\u00e7\u00e3o cultural e refor\u00e7ar os la\u00e7os comunit\u00e1rios por meio do cinema. Ao mesmo tempo, presta uma homenagem \u00e0 dupla Claudinho e Buchecha, refer\u00eancias na m\u00fasica nacional.<\/p>\n<p>A sess\u00e3o ser\u00e1 realizada nesta segunda-feira (25), a partir das 22h, na pra\u00e7a do bairro Manoel Corr\u00eaa, em Cabo Frio, com estrutura montada em parceria com a associa\u00e7\u00e3o de moradores. O espa\u00e7o foi preparado para receber o p\u00fablico em um formato de cinema ao ar livre, ampliando a experi\u00eancia cultural.<\/p>\n<p>O destaque da noite ser\u00e1 a presen\u00e7a do ator Lucas Penteado, que gravou um convite especial chamando a comunidade para participar. \u201cVamos estar a\u00ed, sentadinho com a periferia, assistindo ao filme que retrata a hist\u00f3ria de Claudinho e Buchecha\u201d, disse o artista em v\u00eddeo.<\/p>\n<p>O longa-metragem \u201cNosso Sonho\u201d, que integra a programa\u00e7\u00e3o da Tela Quente, da TV Globo, retrata a trajet\u00f3ria emocionante da ic\u00f4nica dupla do funk melody. Al\u00e9m de resgatar mem\u00f3rias afetivas, o filme valoriza a cultura da periferia, mostrando a for\u00e7a da m\u00fasica como ferramenta de transforma\u00e7\u00e3o\u00a0social.<\/p>\n","protected":false},"excerpt":{"rendered":"<p>A proposta do evento vai al\u00e9m da exibi\u00e7\u00e3o do filme. A a\u00e7\u00e3o tem como objetivo democratizar o acesso \u00e0 arte, aproximar os moradores da produ\u00e7\u00e3o cultural e refor\u00e7ar os la\u00e7os comunit\u00e1rios por meio do cinema. Ao mesmo tempo, presta uma homenagem \u00e0 dupla Claudinho e Buchecha, refer\u00eancias na m\u00fasica nacional. A sess\u00e3o ser\u00e1 realizada nesta [&hellip;]<\/p>\n","protected":false},"author":2,"featured_media":22769,"comment_status":"open","ping_status":"open","sticky":true,"template":"","format":"standard","meta":{"footnotes":""},"categories":[340],"tags":[1896],"class_list":["post-22768","post","type-post","status-publish","format-standard","has-post-thumbnail","hentry","category-cabo-frio","tag-destaque"],"_links":{"self":[{"href":"https:\/\/blogdodanielgalvao.com.br\/site\/wp-json\/wp\/v2\/posts\/22768","targetHints":{"allow":["GET"]}}],"collection":[{"href":"https:\/\/blogdodanielgalvao.com.br\/site\/wp-json\/wp\/v2\/posts"}],"about":[{"href":"https:\/\/blogdodanielgalvao.com.br\/site\/wp-json\/wp\/v2\/types\/post"}],"author":[{"embeddable":true,"href":"https:\/\/blogdodanielgalvao.com.br\/site\/wp-json\/wp\/v2\/users\/2"}],"replies":[{"embeddable":true,"href":"https:\/\/blogdodanielgalvao.com.br\/site\/wp-json\/wp\/v2\/comments?post=22768"}],"version-history":[{"count":1,"href":"https:\/\/blogdodanielgalvao.com.br\/site\/wp-json\/wp\/v2\/posts\/22768\/revisions"}],"predecessor-version":[{"id":22770,"href":"https:\/\/blogdodanielgalvao.com.br\/site\/wp-json\/wp\/v2\/posts\/22768\/revisions\/22770"}],"wp:featuredmedia":[{"embeddable":true,"href":"https:\/\/blogdodanielgalvao.com.br\/site\/wp-json\/wp\/v2\/media\/22769"}],"wp:attachment":[{"href":"https:\/\/blogdodanielgalvao.com.br\/site\/wp-json\/wp\/v2\/media?parent=22768"}],"wp:term":[{"taxonomy":"category","embeddable":true,"href":"https:\/\/blogdodanielgalvao.com.br\/site\/wp-json\/wp\/v2\/categories?post=22768"},{"taxonomy":"post_tag","embeddable":true,"href":"https:\/\/blogdodanielgalvao.com.br\/site\/wp-json\/wp\/v2\/tags?post=22768"}],"curies":[{"name":"wp","href":"https:\/\/api.w.org\/{rel}","templated":true}]}}