{"id":22765,"date":"2025-08-25T15:59:11","date_gmt":"2025-08-25T18:59:11","guid":{"rendered":"https:\/\/blogdodanielgalvao.com.br\/site\/?p=22765"},"modified":"2025-08-25T15:59:11","modified_gmt":"2025-08-25T18:59:11","slug":"situacao-no-morro-da-boa-vista-e-controlada-sem-registro-de-feridos","status":"publish","type":"post","link":"https:\/\/blogdodanielgalvao.com.br\/site\/situacao-no-morro-da-boa-vista-e-controlada-sem-registro-de-feridos\/","title":{"rendered":"Situa\u00e7\u00e3o no Morro da Boa Vista \u00e9 controlada sem registro de feridos"},"content":{"rendered":"<p>A manh\u00e3 desta segunda-feira (25) foi marcada por tens\u00e3o em Arraial do Cabo, ap\u00f3s um caminh\u00e3o ficar pendurado na ladeira de descida do Morro da Boa Vista. O ve\u00edculo, que transportava carga leve, acabou perdendo estabilidade e parou em posi\u00e7\u00e3o inclinada, oferecendo risco de queda na encosta.<\/p>\n<p>A Defesa Civil municipal foi acionada imediatamente e deslocou equipes para o local. Os agentes realizaram o escoramento emergencial da carroceria e do chassi, evitando que o caminh\u00e3o deslize pela pista ou despenque no barranco. Segundo a coordena\u00e7\u00e3o do \u00f3rg\u00e3o, a situa\u00e7\u00e3o foi controlada de forma r\u00e1pida e eficiente, sem risco para motoristas e pedestres.<\/p>\n<p>Como medida preventiva, o tr\u00e2nsito foi totalmente interditado no trecho da via enquanto os trabalhos de conten\u00e7\u00e3o eram realizados. A interdi\u00e7\u00e3o gerou reten\u00e7\u00e3o tempor\u00e1ria no acesso ao morro, mas equipes da Guarda Municipal foram acionadas para orientar os motoristas e organizar os desvios.<\/p>\n<p>Ap\u00f3s algumas horas de opera\u00e7\u00e3o, o caminh\u00e3o foi retirado com seguran\u00e7a por meio de guincho especializado, liberando o tr\u00e1fego na regi\u00e3o. N\u00e3o houve registro de feridos.<\/p>\n<p>De acordo com a Defesa Civil de Arraial do Cabo, esse tipo de ocorr\u00eancia refor\u00e7a a necessidade de aten\u00e7\u00e3o redobrada em trechos de descida \u00edngreme. A recomenda\u00e7\u00e3o \u00e9 que motoristas mantenham a manuten\u00e7\u00e3o preventiva dos ve\u00edculos em dia e redobrem os cuidados em estradas que oferecem riscos de instabilidade.<\/p>\n<p>O \u00f3rg\u00e3o tamb\u00e9m destacou que permanece de prontid\u00e3o para atender emerg\u00eancias e que a r\u00e1pida mobiliza\u00e7\u00e3o foi essencial para evitar maiores transtornos\u00a0\u00e0\u00a0popula\u00e7\u00e3o.<\/p>\n","protected":false},"excerpt":{"rendered":"<p>A manh\u00e3 desta segunda-feira (25) foi marcada por tens\u00e3o em Arraial do Cabo, ap\u00f3s um caminh\u00e3o ficar pendurado na ladeira de descida do Morro da Boa Vista. O ve\u00edculo, que transportava carga leve, acabou perdendo estabilidade e parou em posi\u00e7\u00e3o inclinada, oferecendo risco de queda na encosta. A Defesa Civil municipal foi acionada imediatamente e [&hellip;]<\/p>\n","protected":false},"author":2,"featured_media":22766,"comment_status":"open","ping_status":"open","sticky":true,"template":"","format":"standard","meta":{"footnotes":""},"categories":[838],"tags":[1896],"class_list":["post-22765","post","type-post","status-publish","format-standard","has-post-thumbnail","hentry","category-arraial-do-cabo","tag-destaque"],"_links":{"self":[{"href":"https:\/\/blogdodanielgalvao.com.br\/site\/wp-json\/wp\/v2\/posts\/22765","targetHints":{"allow":["GET"]}}],"collection":[{"href":"https:\/\/blogdodanielgalvao.com.br\/site\/wp-json\/wp\/v2\/posts"}],"about":[{"href":"https:\/\/blogdodanielgalvao.com.br\/site\/wp-json\/wp\/v2\/types\/post"}],"author":[{"embeddable":true,"href":"https:\/\/blogdodanielgalvao.com.br\/site\/wp-json\/wp\/v2\/users\/2"}],"replies":[{"embeddable":true,"href":"https:\/\/blogdodanielgalvao.com.br\/site\/wp-json\/wp\/v2\/comments?post=22765"}],"version-history":[{"count":1,"href":"https:\/\/blogdodanielgalvao.com.br\/site\/wp-json\/wp\/v2\/posts\/22765\/revisions"}],"predecessor-version":[{"id":22767,"href":"https:\/\/blogdodanielgalvao.com.br\/site\/wp-json\/wp\/v2\/posts\/22765\/revisions\/22767"}],"wp:featuredmedia":[{"embeddable":true,"href":"https:\/\/blogdodanielgalvao.com.br\/site\/wp-json\/wp\/v2\/media\/22766"}],"wp:attachment":[{"href":"https:\/\/blogdodanielgalvao.com.br\/site\/wp-json\/wp\/v2\/media?parent=22765"}],"wp:term":[{"taxonomy":"category","embeddable":true,"href":"https:\/\/blogdodanielgalvao.com.br\/site\/wp-json\/wp\/v2\/categories?post=22765"},{"taxonomy":"post_tag","embeddable":true,"href":"https:\/\/blogdodanielgalvao.com.br\/site\/wp-json\/wp\/v2\/tags?post=22765"}],"curies":[{"name":"wp","href":"https:\/\/api.w.org\/{rel}","templated":true}]}}