{"id":22760,"date":"2025-08-25T15:41:23","date_gmt":"2025-08-25T18:41:23","guid":{"rendered":"https:\/\/blogdodanielgalvao.com.br\/site\/?p=22760"},"modified":"2025-08-25T15:41:23","modified_gmt":"2025-08-25T18:41:23","slug":"cerimonia-em-cabo-frio-destaca-forcas-de-seguranca-pelo-trabalho-diario","status":"publish","type":"post","link":"https:\/\/blogdodanielgalvao.com.br\/site\/cerimonia-em-cabo-frio-destaca-forcas-de-seguranca-pelo-trabalho-diario\/","title":{"rendered":"Cerim\u00f4nia em Cabo Frio destaca for\u00e7as de seguran\u00e7a pelo trabalho di\u00e1rio"},"content":{"rendered":"<p>A Guarda Civil Municipal de Cabo Frio foi homenageada neste domingo (24) em uma cerim\u00f4nia realizada pela Igreja Universal em refer\u00eancia ao Dia do Soldado, celebrado nesta segunda-feira (25). O encontro contou tamb\u00e9m com a presen\u00e7a de integrantes do Corpo de Bombeiros, Pol\u00edcia Militar, Pol\u00edcia Civil, Guarda Municipal de Arraial do Cabo e da Guarda Mirim da cidade.<\/p>\n<p>Durante o evento, profissionais receberam diplomas e condecora\u00e7\u00f5es como forma de reconhecimento ao trabalho prestado diariamente \u00e0 sociedade. Para o secret\u00e1rio de Seguran\u00e7a e Ordem P\u00fablica, coronel Leandro Carvalho, a homenagem valoriza o empenho dos agentes. \u201cEsse gesto demonstra o reconhecimento da comunidade ao esfor\u00e7o de cada profissional que atua na defesa da popula\u00e7\u00e3o\u201d, afirmou. J\u00e1 o inspetor-geral da Guarda Civil, \u00c2ngelo Amaral, destacou o simbolismo da honraria: \u201cReceber essa condecora\u00e7\u00e3o \u00e9 motivo de orgulho e refor\u00e7a nosso compromisso de servir e proteger com responsabilidade e dedica\u00e7\u00e3o\u201d.<\/p>\n<p>A iniciativa acontece anualmente em todos os templos da Universal desde 2019 e homenageia, em m\u00e9dia, 100 mil profissionais no Brasil inteiro, abrangendo os 26 estados e o Distrito Federal. A cerim\u00f4nia contempla integrantes das For\u00e7as Armadas (Ex\u00e9rcito, Marinha e Aeron\u00e1utica), al\u00e9m de pol\u00edcias Militar, Civil, Penal, Rodovi\u00e1ria e Federal, Guarda Municipal e Corpo de Bombeiros, reafirmando a import\u00e2ncia do trabalho desses agentes para a seguran\u00e7a\u00a0da\u00a0popula\u00e7\u00e3o.<\/p>\n","protected":false},"excerpt":{"rendered":"<p>A Guarda Civil Municipal de Cabo Frio foi homenageada neste domingo (24) em uma cerim\u00f4nia realizada pela Igreja Universal em refer\u00eancia ao Dia do Soldado, celebrado nesta segunda-feira (25). O encontro contou tamb\u00e9m com a presen\u00e7a de integrantes do Corpo de Bombeiros, Pol\u00edcia Militar, Pol\u00edcia Civil, Guarda Municipal de Arraial do Cabo e da Guarda [&hellip;]<\/p>\n","protected":false},"author":2,"featured_media":22761,"comment_status":"open","ping_status":"open","sticky":true,"template":"","format":"standard","meta":{"footnotes":""},"categories":[340],"tags":[1896],"class_list":["post-22760","post","type-post","status-publish","format-standard","has-post-thumbnail","hentry","category-cabo-frio","tag-destaque"],"_links":{"self":[{"href":"https:\/\/blogdodanielgalvao.com.br\/site\/wp-json\/wp\/v2\/posts\/22760","targetHints":{"allow":["GET"]}}],"collection":[{"href":"https:\/\/blogdodanielgalvao.com.br\/site\/wp-json\/wp\/v2\/posts"}],"about":[{"href":"https:\/\/blogdodanielgalvao.com.br\/site\/wp-json\/wp\/v2\/types\/post"}],"author":[{"embeddable":true,"href":"https:\/\/blogdodanielgalvao.com.br\/site\/wp-json\/wp\/v2\/users\/2"}],"replies":[{"embeddable":true,"href":"https:\/\/blogdodanielgalvao.com.br\/site\/wp-json\/wp\/v2\/comments?post=22760"}],"version-history":[{"count":1,"href":"https:\/\/blogdodanielgalvao.com.br\/site\/wp-json\/wp\/v2\/posts\/22760\/revisions"}],"predecessor-version":[{"id":22762,"href":"https:\/\/blogdodanielgalvao.com.br\/site\/wp-json\/wp\/v2\/posts\/22760\/revisions\/22762"}],"wp:featuredmedia":[{"embeddable":true,"href":"https:\/\/blogdodanielgalvao.com.br\/site\/wp-json\/wp\/v2\/media\/22761"}],"wp:attachment":[{"href":"https:\/\/blogdodanielgalvao.com.br\/site\/wp-json\/wp\/v2\/media?parent=22760"}],"wp:term":[{"taxonomy":"category","embeddable":true,"href":"https:\/\/blogdodanielgalvao.com.br\/site\/wp-json\/wp\/v2\/categories?post=22760"},{"taxonomy":"post_tag","embeddable":true,"href":"https:\/\/blogdodanielgalvao.com.br\/site\/wp-json\/wp\/v2\/tags?post=22760"}],"curies":[{"name":"wp","href":"https:\/\/api.w.org\/{rel}","templated":true}]}}