{"id":22757,"date":"2025-08-25T15:28:25","date_gmt":"2025-08-25T18:28:25","guid":{"rendered":"https:\/\/blogdodanielgalvao.com.br\/site\/?p=22757"},"modified":"2025-08-25T15:28:25","modified_gmt":"2025-08-25T18:28:25","slug":"municipio-de-cabo-frio-reforca-rede-de-apoio-e-celebra-encerramento-da-campanha-agosto-lilas","status":"publish","type":"post","link":"https:\/\/blogdodanielgalvao.com.br\/site\/municipio-de-cabo-frio-reforca-rede-de-apoio-e-celebra-encerramento-da-campanha-agosto-lilas\/","title":{"rendered":"Munic\u00edpio de Cabo Frio refor\u00e7a rede de apoio e celebra encerramento da campanha Agosto Lil\u00e1s"},"content":{"rendered":"<p>Neste s\u00e1bado (30), das 8h \u00e0s 12h, a Orla das Palmeiras ser\u00e1 o ponto de encontro para o encerramento da campanha Agosto Lil\u00e1s em Cabo Frio. A Prefeitura, por meio da Secretaria-Adjunta de Pol\u00edticas P\u00fablicas da Mulher, preparou uma manh\u00e3 de integra\u00e7\u00e3o, autocuidado e fortalecimento feminino.<\/p>\n<p>A programa\u00e7\u00e3o inclui semin\u00e1rio de defesa pessoal, roda de viv\u00eancia e apresenta\u00e7\u00e3o musical da cantora Rayllane Mendes, em um clima de partilha e celebra\u00e7\u00e3o.<\/p>\n<p>Durante o m\u00eas de agosto, a campanha promoveu uma s\u00e9rie de atividades em parceria com a Rede de Prote\u00e7\u00e3o \u00e0 Mulher, como palestras, encontros educativos e rodas de conversa. As a\u00e7\u00f5es tiveram como foco ampliar a conscientiza\u00e7\u00e3o sobre a preven\u00e7\u00e3o e o enfrentamento da viol\u00eancia de g\u00eanero.<\/p>\n<p>O Agosto Lil\u00e1s \u00e9 um movimento de alcance nacional que busca chamar aten\u00e7\u00e3o para o combate \u00e0 viol\u00eancia contra a mulher. Em Cabo Frio, a secret\u00e1ria-adjunta da Mulher, B\u00e1rbara Caetano, destacou que o esfor\u00e7o coletivo foi essencial. \u201cAs a\u00e7\u00f5es n\u00e3o param por aqui. O Agosto Lil\u00e1s veio para refor\u00e7ar a luta contra a viol\u00eancia e fortalecer a rede de atendimento. Tragam suas cangas e vamos viver juntas esse momento de acolhimento e celebra\u00e7\u00e3o\u201d,\u00a0disse.<\/p>\n","protected":false},"excerpt":{"rendered":"<p>Neste s\u00e1bado (30), das 8h \u00e0s 12h, a Orla das Palmeiras ser\u00e1 o ponto de encontro para o encerramento da campanha Agosto Lil\u00e1s em Cabo Frio. A Prefeitura, por meio da Secretaria-Adjunta de Pol\u00edticas P\u00fablicas da Mulher, preparou uma manh\u00e3 de integra\u00e7\u00e3o, autocuidado e fortalecimento feminino. A programa\u00e7\u00e3o inclui semin\u00e1rio de defesa pessoal, roda de [&hellip;]<\/p>\n","protected":false},"author":2,"featured_media":22758,"comment_status":"open","ping_status":"open","sticky":true,"template":"","format":"standard","meta":{"footnotes":""},"categories":[340],"tags":[1896],"class_list":["post-22757","post","type-post","status-publish","format-standard","has-post-thumbnail","hentry","category-cabo-frio","tag-destaque"],"_links":{"self":[{"href":"https:\/\/blogdodanielgalvao.com.br\/site\/wp-json\/wp\/v2\/posts\/22757","targetHints":{"allow":["GET"]}}],"collection":[{"href":"https:\/\/blogdodanielgalvao.com.br\/site\/wp-json\/wp\/v2\/posts"}],"about":[{"href":"https:\/\/blogdodanielgalvao.com.br\/site\/wp-json\/wp\/v2\/types\/post"}],"author":[{"embeddable":true,"href":"https:\/\/blogdodanielgalvao.com.br\/site\/wp-json\/wp\/v2\/users\/2"}],"replies":[{"embeddable":true,"href":"https:\/\/blogdodanielgalvao.com.br\/site\/wp-json\/wp\/v2\/comments?post=22757"}],"version-history":[{"count":1,"href":"https:\/\/blogdodanielgalvao.com.br\/site\/wp-json\/wp\/v2\/posts\/22757\/revisions"}],"predecessor-version":[{"id":22759,"href":"https:\/\/blogdodanielgalvao.com.br\/site\/wp-json\/wp\/v2\/posts\/22757\/revisions\/22759"}],"wp:featuredmedia":[{"embeddable":true,"href":"https:\/\/blogdodanielgalvao.com.br\/site\/wp-json\/wp\/v2\/media\/22758"}],"wp:attachment":[{"href":"https:\/\/blogdodanielgalvao.com.br\/site\/wp-json\/wp\/v2\/media?parent=22757"}],"wp:term":[{"taxonomy":"category","embeddable":true,"href":"https:\/\/blogdodanielgalvao.com.br\/site\/wp-json\/wp\/v2\/categories?post=22757"},{"taxonomy":"post_tag","embeddable":true,"href":"https:\/\/blogdodanielgalvao.com.br\/site\/wp-json\/wp\/v2\/tags?post=22757"}],"curies":[{"name":"wp","href":"https:\/\/api.w.org\/{rel}","templated":true}]}}