{"id":22742,"date":"2025-08-25T14:26:57","date_gmt":"2025-08-25T17:26:57","guid":{"rendered":"https:\/\/blogdodanielgalvao.com.br\/site\/?p=22742"},"modified":"2025-08-25T14:26:57","modified_gmt":"2025-08-25T17:26:57","slug":"nova-edicao-da-feira-de-adocao-de-animais-atrai-moradores-de-cabo-frio","status":"publish","type":"post","link":"https:\/\/blogdodanielgalvao.com.br\/site\/nova-edicao-da-feira-de-adocao-de-animais-atrai-moradores-de-cabo-frio\/","title":{"rendered":"Nova edi\u00e7\u00e3o da Feira de Ado\u00e7\u00e3o de Animais atrai moradores de Cabo Frio"},"content":{"rendered":"<p>A Prefeitura de Cabo Frio, por meio da Superintend\u00eancia de Prote\u00e7\u00e3o Animal, ligada \u00e0 Secretaria de Agricultura e Pesca, realizou no s\u00e1bado (23) mais uma edi\u00e7\u00e3o da Feira de Ado\u00e7\u00e3o de Animais. O encontro aconteceu na Rua Itajuru, em frente a uma loja de produtos para pets, no centro da cidade.<\/p>\n<p>Durante a a\u00e7\u00e3o, seis c\u00e3es que estavam sob cuidados no Canil Municipal foram disponibilizados e todos encontraram fam\u00edlias adotivas. Para os organizadores, o resultado foi considerado muito positivo.<\/p>\n<p>A superintendente de Prote\u00e7\u00e3o Animal, m\u00e9dica veterin\u00e1ria Dra. Fenela Assed, destacou que a atividade refor\u00e7a o comprometimento da administra\u00e7\u00e3o municipal com a causa. Segundo ela, \u201ca feira de ado\u00e7\u00e3o \u00e9 fruto de um trabalho constante e dedicado. \u00c9 uma oportunidade para que a popula\u00e7\u00e3o encontre um novo companheiro e, ao mesmo tempo, contribua com uma corrente de solidariedade. Adotar \u00e9 um gesto de carinho e tamb\u00e9m de responsabilidade. Queremos ampliar essa conscientiza\u00e7\u00e3o e levar a discuss\u00e3o para dentro das escolas, porque s\u00f3 com a participa\u00e7\u00e3o coletiva conseguiremos reduzir os casos de abandono\u201d.<\/p>\n<p>A pr\u00f3xima edi\u00e7\u00e3o da Feira de Ado\u00e7\u00e3o de Animais j\u00e1 est\u00e1 prevista para acontecer no mesmo local, dentro\u00a0de\u00a015\u00a0dias.<\/p>\n","protected":false},"excerpt":{"rendered":"<p>A Prefeitura de Cabo Frio, por meio da Superintend\u00eancia de Prote\u00e7\u00e3o Animal, ligada \u00e0 Secretaria de Agricultura e Pesca, realizou no s\u00e1bado (23) mais uma edi\u00e7\u00e3o da Feira de Ado\u00e7\u00e3o de Animais. O encontro aconteceu na Rua Itajuru, em frente a uma loja de produtos para pets, no centro da cidade. Durante a a\u00e7\u00e3o, seis [&hellip;]<\/p>\n","protected":false},"author":2,"featured_media":22743,"comment_status":"open","ping_status":"open","sticky":true,"template":"","format":"standard","meta":{"footnotes":""},"categories":[340],"tags":[1896],"class_list":["post-22742","post","type-post","status-publish","format-standard","has-post-thumbnail","hentry","category-cabo-frio","tag-destaque"],"_links":{"self":[{"href":"https:\/\/blogdodanielgalvao.com.br\/site\/wp-json\/wp\/v2\/posts\/22742","targetHints":{"allow":["GET"]}}],"collection":[{"href":"https:\/\/blogdodanielgalvao.com.br\/site\/wp-json\/wp\/v2\/posts"}],"about":[{"href":"https:\/\/blogdodanielgalvao.com.br\/site\/wp-json\/wp\/v2\/types\/post"}],"author":[{"embeddable":true,"href":"https:\/\/blogdodanielgalvao.com.br\/site\/wp-json\/wp\/v2\/users\/2"}],"replies":[{"embeddable":true,"href":"https:\/\/blogdodanielgalvao.com.br\/site\/wp-json\/wp\/v2\/comments?post=22742"}],"version-history":[{"count":1,"href":"https:\/\/blogdodanielgalvao.com.br\/site\/wp-json\/wp\/v2\/posts\/22742\/revisions"}],"predecessor-version":[{"id":22744,"href":"https:\/\/blogdodanielgalvao.com.br\/site\/wp-json\/wp\/v2\/posts\/22742\/revisions\/22744"}],"wp:featuredmedia":[{"embeddable":true,"href":"https:\/\/blogdodanielgalvao.com.br\/site\/wp-json\/wp\/v2\/media\/22743"}],"wp:attachment":[{"href":"https:\/\/blogdodanielgalvao.com.br\/site\/wp-json\/wp\/v2\/media?parent=22742"}],"wp:term":[{"taxonomy":"category","embeddable":true,"href":"https:\/\/blogdodanielgalvao.com.br\/site\/wp-json\/wp\/v2\/categories?post=22742"},{"taxonomy":"post_tag","embeddable":true,"href":"https:\/\/blogdodanielgalvao.com.br\/site\/wp-json\/wp\/v2\/tags?post=22742"}],"curies":[{"name":"wp","href":"https:\/\/api.w.org\/{rel}","templated":true}]}}