{"id":22737,"date":"2025-08-25T14:16:34","date_gmt":"2025-08-25T17:16:34","guid":{"rendered":"https:\/\/blogdodanielgalvao.com.br\/site\/?p=22737"},"modified":"2025-08-25T14:16:34","modified_gmt":"2025-08-25T17:16:34","slug":"trilha-translagunar-ganha-novo-trecho-de-10km-de-extensao-em-araruama","status":"publish","type":"post","link":"https:\/\/blogdodanielgalvao.com.br\/site\/trilha-translagunar-ganha-novo-trecho-de-10km-de-extensao-em-araruama\/","title":{"rendered":"Trilha Translagunar ganha novo trecho de 10km de extens\u00e3o em Araruama"},"content":{"rendered":"<p>A Prefeitura de Araruama inaugurou, na \u00faltima sexta-feira, 22, mais um atrativo tur\u00edstico e ambiental com o novo trecho da Trilha Translagunar, que soma 10 quil\u00f4metros (km) de extens\u00e3o no circuito completo.<\/p>\n<p>O percurso, que tem in\u00edcio no distrito de Iguabinha e segue pela Orla Oscar Niemeyer, as antigas Salinas e Orla da Lagoa, em Praia Seca, faz parte da Rede Brasileira de Trilhas de Longo Curso e conecta diferentes munic\u00edpios banhados pela Lagoa de Araruama.<\/p>\n<p>\u201cAl\u00e9m de valorizar a beleza natural da regi\u00e3o, a trilha integra pontos hist\u00f3ricos e culturais, aproximando visitantes da identidade local\u201d, contou a prefeitura.<\/p>\n<p>O evento de inaugura\u00e7\u00e3o do novo trecho contou com a participa\u00e7\u00e3o especial dos alunos da Escola Municipal Ecol\u00f3gica (EME) Francisco Jos\u00e9 de Marins \u201cMaestro Kiko\u201d, que percorreram parte do caminho, da Praia do Barbudo at\u00e9 o Clube N\u00e1utico.<\/p>\n<p>De acordo com o munic\u00edpio, o projeto busca estimular o ecoturismo, ampliar a conex\u00e3o entre unidades de conserva\u00e7\u00e3o, incentivar a pr\u00e1tica de atividades ao ar livre e fortalecer a integra\u00e7\u00e3o das comunidades locais.<\/p>\n<p>A iniciativa conta ainda com a consultoria t\u00e9cnica do Programa Bandeira Azul (Blue Flag) na Regi\u00e3o dos Lagos, considerado uma refer\u00eancia internacional em qualidade ambiental terrestre e mar\u00edtima, presente no pa\u00eds desde 2005.<\/p>\n<p>\u201cCom a implementa\u00e7\u00e3o desse trecho, Araruama passa a integrar oficialmente um roteiro que j\u00e1 se consolida como um dos mais importantes do Brasil, ligando natureza, cultura e lazer em um mesmo destino\u201d, completou a prefeitura.<\/p>\n","protected":false},"excerpt":{"rendered":"<p>A Prefeitura de Araruama inaugurou, na \u00faltima sexta-feira, 22, mais um atrativo tur\u00edstico e ambiental com o novo trecho da Trilha Translagunar, que soma 10 quil\u00f4metros (km) de extens\u00e3o no circuito completo. O percurso, que tem in\u00edcio no distrito de Iguabinha e segue pela Orla Oscar Niemeyer, as antigas Salinas e Orla da Lagoa, em [&hellip;]<\/p>\n","protected":false},"author":2,"featured_media":22738,"comment_status":"open","ping_status":"open","sticky":true,"template":"","format":"standard","meta":{"footnotes":""},"categories":[208],"tags":[1896],"class_list":["post-22737","post","type-post","status-publish","format-standard","has-post-thumbnail","hentry","category-araruama","tag-destaque"],"_links":{"self":[{"href":"https:\/\/blogdodanielgalvao.com.br\/site\/wp-json\/wp\/v2\/posts\/22737","targetHints":{"allow":["GET"]}}],"collection":[{"href":"https:\/\/blogdodanielgalvao.com.br\/site\/wp-json\/wp\/v2\/posts"}],"about":[{"href":"https:\/\/blogdodanielgalvao.com.br\/site\/wp-json\/wp\/v2\/types\/post"}],"author":[{"embeddable":true,"href":"https:\/\/blogdodanielgalvao.com.br\/site\/wp-json\/wp\/v2\/users\/2"}],"replies":[{"embeddable":true,"href":"https:\/\/blogdodanielgalvao.com.br\/site\/wp-json\/wp\/v2\/comments?post=22737"}],"version-history":[{"count":1,"href":"https:\/\/blogdodanielgalvao.com.br\/site\/wp-json\/wp\/v2\/posts\/22737\/revisions"}],"predecessor-version":[{"id":22739,"href":"https:\/\/blogdodanielgalvao.com.br\/site\/wp-json\/wp\/v2\/posts\/22737\/revisions\/22739"}],"wp:featuredmedia":[{"embeddable":true,"href":"https:\/\/blogdodanielgalvao.com.br\/site\/wp-json\/wp\/v2\/media\/22738"}],"wp:attachment":[{"href":"https:\/\/blogdodanielgalvao.com.br\/site\/wp-json\/wp\/v2\/media?parent=22737"}],"wp:term":[{"taxonomy":"category","embeddable":true,"href":"https:\/\/blogdodanielgalvao.com.br\/site\/wp-json\/wp\/v2\/categories?post=22737"},{"taxonomy":"post_tag","embeddable":true,"href":"https:\/\/blogdodanielgalvao.com.br\/site\/wp-json\/wp\/v2\/tags?post=22737"}],"curies":[{"name":"wp","href":"https:\/\/api.w.org\/{rel}","templated":true}]}}