{"id":22734,"date":"2025-08-25T14:07:57","date_gmt":"2025-08-25T17:07:57","guid":{"rendered":"https:\/\/blogdodanielgalvao.com.br\/site\/?p=22734"},"modified":"2025-08-25T14:07:57","modified_gmt":"2025-08-25T17:07:57","slug":"estudo-de-solo-para-piscina-de-ondas-de-marica-deve-comecar-nessa-semana","status":"publish","type":"post","link":"https:\/\/blogdodanielgalvao.com.br\/site\/estudo-de-solo-para-piscina-de-ondas-de-marica-deve-comecar-nessa-semana\/","title":{"rendered":"Estudo de solo para piscina de ondas de Maric\u00e1 deve come\u00e7ar nessa semana"},"content":{"rendered":"<p>A Prefeitura de Maric\u00e1 inicia, nessa semana, os estudos de solo de um terreno de 1,3 milh\u00e3o de metros quadrados (m\u00b2), localizado \u00e0s margens da Rodovia Amaral Peixoto (RJ-106), visando a instala\u00e7\u00e3o de uma piscina de ondas na cidade.<\/p>\n<p>O trabalho, que conta com sondagem geot\u00e9cnica, ser\u00e1 realizado em parceria com o grupo espanhol Wavegarden, que conta com dezenas de \u201cSurf Parks\u201d j\u00e1 instalados e outros ainda em constru\u00e7\u00e3o ao redor de todo o mundo.<\/p>\n<p>A informa\u00e7\u00e3o foi divulgada pelo jornalista Fernando Pontes, no blog do Ancelmo Gois, no jornal O Globo, nesse domingo, 24, detalhando a parceria entre a prefeitura e a empresa espanhola, considerada uma refer\u00eancia internacional no setor.<\/p>\n<p>O projeto ter\u00e1 acompanhamento da Companhia de Desenvolvimento de Maric\u00e1 (Codemar), presidida pelo ex-ministro da Ci\u00eancia, Tecnologia e Inova\u00e7\u00e3o, Celso Pansera (PT-RJ) desde julho desse ano.<\/p>\n<p>\u201cUma obra desse tipo gera impacto de 500 mil toneladas no solo\u201d, explicou Celso Pansera, presidente da Codemar, ao blog do Ancelmo Gois.<\/p>\n<p>Para o prefeito de Maric\u00e1, Washington Quaqu\u00e1 (PT), a piscina de ondas \u00e9 mais um projeto do governo visando ampliar a atratividade do munic\u00edpio no setor do turismo nacional e internacional, trazendo mais investimentos para a cidade.<\/p>\n<p>\u201cUm projeto para colocar Maric\u00e1 no mapa do surfe e trazer mais emprego! Cada vez mais o surfe profissional precisa de regularidade, com ondas previs\u00edveis para o esporte. Por isso a Wavegarden est\u00e1 investindo em construir em Maric\u00e1 a 1\u00aa piscina de ondas do Rio: colocar a nossa cidade no mapa do surfe mundial, gerando empregos, junto a um hotel de luxo! Um projeto incr\u00edvel, com apoio da prefeitura!\u201d, publicou Quaqu\u00e1 nas redes sociais.<\/p>\n<p>Apesar da empolga\u00e7\u00e3o do prefeito, o projeto, por\u00e9m, n\u00e3o ser\u00e1 o 1\u00ba no Estado do Rio, j\u00e1 que outras 3 piscinas de ondas est\u00e3o em constru\u00e7\u00e3o no territ\u00f3rio fluminense, sendo uma na capital, na Barra da Tijuca, e duas no interior, em Arma\u00e7\u00e3o dos B\u00fazios e Mangaratiba, estas, inclusive, com previs\u00e3o de inaugura\u00e7\u00e3o em 2026.<\/p>\n<p>A expectativa da prefeitura \u00e9 que o projeto gere empregos diretos e indiretos na fase de implanta\u00e7\u00e3o e opera\u00e7\u00e3o, combinando a piscina de ondas com o resort, que impulsionar\u00e1 o turismo, beneficiando tamb\u00e9m a rede hoteleira, bares, restaurantes e o com\u00e9rcio local.<\/p>\n","protected":false},"excerpt":{"rendered":"<p>A Prefeitura de Maric\u00e1 inicia, nessa semana, os estudos de solo de um terreno de 1,3 milh\u00e3o de metros quadrados (m\u00b2), localizado \u00e0s margens da Rodovia Amaral Peixoto (RJ-106), visando a instala\u00e7\u00e3o de uma piscina de ondas na cidade. O trabalho, que conta com sondagem geot\u00e9cnica, ser\u00e1 realizado em parceria com o grupo espanhol Wavegarden, [&hellip;]<\/p>\n","protected":false},"author":2,"featured_media":22735,"comment_status":"open","ping_status":"open","sticky":true,"template":"","format":"standard","meta":{"footnotes":""},"categories":[299],"tags":[1896],"class_list":["post-22734","post","type-post","status-publish","format-standard","has-post-thumbnail","hentry","category-marica","tag-destaque"],"_links":{"self":[{"href":"https:\/\/blogdodanielgalvao.com.br\/site\/wp-json\/wp\/v2\/posts\/22734","targetHints":{"allow":["GET"]}}],"collection":[{"href":"https:\/\/blogdodanielgalvao.com.br\/site\/wp-json\/wp\/v2\/posts"}],"about":[{"href":"https:\/\/blogdodanielgalvao.com.br\/site\/wp-json\/wp\/v2\/types\/post"}],"author":[{"embeddable":true,"href":"https:\/\/blogdodanielgalvao.com.br\/site\/wp-json\/wp\/v2\/users\/2"}],"replies":[{"embeddable":true,"href":"https:\/\/blogdodanielgalvao.com.br\/site\/wp-json\/wp\/v2\/comments?post=22734"}],"version-history":[{"count":1,"href":"https:\/\/blogdodanielgalvao.com.br\/site\/wp-json\/wp\/v2\/posts\/22734\/revisions"}],"predecessor-version":[{"id":22736,"href":"https:\/\/blogdodanielgalvao.com.br\/site\/wp-json\/wp\/v2\/posts\/22734\/revisions\/22736"}],"wp:featuredmedia":[{"embeddable":true,"href":"https:\/\/blogdodanielgalvao.com.br\/site\/wp-json\/wp\/v2\/media\/22735"}],"wp:attachment":[{"href":"https:\/\/blogdodanielgalvao.com.br\/site\/wp-json\/wp\/v2\/media?parent=22734"}],"wp:term":[{"taxonomy":"category","embeddable":true,"href":"https:\/\/blogdodanielgalvao.com.br\/site\/wp-json\/wp\/v2\/categories?post=22734"},{"taxonomy":"post_tag","embeddable":true,"href":"https:\/\/blogdodanielgalvao.com.br\/site\/wp-json\/wp\/v2\/tags?post=22734"}],"curies":[{"name":"wp","href":"https:\/\/api.w.org\/{rel}","templated":true}]}}