{"id":22724,"date":"2025-08-25T10:38:49","date_gmt":"2025-08-25T13:38:49","guid":{"rendered":"https:\/\/blogdodanielgalvao.com.br\/site\/?p=22724"},"modified":"2025-08-25T10:38:49","modified_gmt":"2025-08-25T13:38:49","slug":"operacao-da-123a-dp-flagra-trafico-de-drogas-na-praia-campista-em-macae","status":"publish","type":"post","link":"https:\/\/blogdodanielgalvao.com.br\/site\/operacao-da-123a-dp-flagra-trafico-de-drogas-na-praia-campista-em-macae\/","title":{"rendered":"Opera\u00e7\u00e3o da 123\u00aa DP flagra tr\u00e1fico de drogas na Praia Campista em Maca\u00e9"},"content":{"rendered":"<p>A Pol\u00edcia Civil da 123\u00aa DP de Maca\u00e9 prendeu no \u00faltimo final de semana um homem por tr\u00e1fico de drogas. A a\u00e7\u00e3o aconteceu na Praia Campista e a opera\u00e7\u00e3o contou com a coordena\u00e7\u00e3o do delegado Dr. Pedro Em\u00edlio.<\/p>\n<p>Os agentes chegaram at\u00e9 o criminoso por meio de uma den\u00fancia an\u00f4nima, que apontava intensa comercializa\u00e7\u00e3o de il\u00edcitos no local. Com base nas informa\u00e7\u00f5es recebidas, os agentes se dirigiram at\u00e9 o local e conseguiram flagrar o suspeito durante a distribui\u00e7\u00e3o de drogas.<\/p>\n<p>Na abordagem, o homem confessou envolvimento com o tr\u00e1fico e afirmou tamb\u00e9m envolvimento com a fac\u00e7\u00e3o criminosa ADA. Dessa forma, ele foi conduzido para a 123\u00aa DP, onde permaneceu preso.<\/p>\n","protected":false},"excerpt":{"rendered":"<p>A Pol\u00edcia Civil da 123\u00aa DP de Maca\u00e9 prendeu no \u00faltimo final de semana um homem por tr\u00e1fico de drogas. A a\u00e7\u00e3o aconteceu na Praia Campista e a opera\u00e7\u00e3o contou com a coordena\u00e7\u00e3o do delegado Dr. Pedro Em\u00edlio. Os agentes chegaram at\u00e9 o criminoso por meio de uma den\u00fancia an\u00f4nima, que apontava intensa comercializa\u00e7\u00e3o de [&hellip;]<\/p>\n","protected":false},"author":2,"featured_media":22725,"comment_status":"open","ping_status":"open","sticky":true,"template":"","format":"standard","meta":{"footnotes":""},"categories":[1899],"tags":[494],"class_list":["post-22724","post","type-post","status-publish","format-standard","has-post-thumbnail","hentry","category-policia","tag-policia"],"_links":{"self":[{"href":"https:\/\/blogdodanielgalvao.com.br\/site\/wp-json\/wp\/v2\/posts\/22724","targetHints":{"allow":["GET"]}}],"collection":[{"href":"https:\/\/blogdodanielgalvao.com.br\/site\/wp-json\/wp\/v2\/posts"}],"about":[{"href":"https:\/\/blogdodanielgalvao.com.br\/site\/wp-json\/wp\/v2\/types\/post"}],"author":[{"embeddable":true,"href":"https:\/\/blogdodanielgalvao.com.br\/site\/wp-json\/wp\/v2\/users\/2"}],"replies":[{"embeddable":true,"href":"https:\/\/blogdodanielgalvao.com.br\/site\/wp-json\/wp\/v2\/comments?post=22724"}],"version-history":[{"count":1,"href":"https:\/\/blogdodanielgalvao.com.br\/site\/wp-json\/wp\/v2\/posts\/22724\/revisions"}],"predecessor-version":[{"id":22726,"href":"https:\/\/blogdodanielgalvao.com.br\/site\/wp-json\/wp\/v2\/posts\/22724\/revisions\/22726"}],"wp:featuredmedia":[{"embeddable":true,"href":"https:\/\/blogdodanielgalvao.com.br\/site\/wp-json\/wp\/v2\/media\/22725"}],"wp:attachment":[{"href":"https:\/\/blogdodanielgalvao.com.br\/site\/wp-json\/wp\/v2\/media?parent=22724"}],"wp:term":[{"taxonomy":"category","embeddable":true,"href":"https:\/\/blogdodanielgalvao.com.br\/site\/wp-json\/wp\/v2\/categories?post=22724"},{"taxonomy":"post_tag","embeddable":true,"href":"https:\/\/blogdodanielgalvao.com.br\/site\/wp-json\/wp\/v2\/tags?post=22724"}],"curies":[{"name":"wp","href":"https:\/\/api.w.org\/{rel}","templated":true}]}}