{"id":22718,"date":"2025-08-24T11:13:16","date_gmt":"2025-08-24T14:13:16","guid":{"rendered":"https:\/\/blogdodanielgalvao.com.br\/site\/?p=22718"},"modified":"2025-08-24T11:13:16","modified_gmt":"2025-08-24T14:13:16","slug":"cabo-frio-abre-inscricoes-para-online-sobre-microcredito-consciente","status":"publish","type":"post","link":"https:\/\/blogdodanielgalvao.com.br\/site\/cabo-frio-abre-inscricoes-para-online-sobre-microcredito-consciente\/","title":{"rendered":"Cabo Frio abre inscri\u00e7\u00f5es para online sobre microcr\u00e9dito consciente"},"content":{"rendered":"<p>A Casa do Empreendedor de Cabo Frio, em parceria com o Sebrae Regional Lagos, abriu inscri\u00e7\u00f5es para o Workshop Online \u201cMicrocr\u00e9dito Consciente\u201d, que ser\u00e1 realizado no dia 28, \u00e0s 19h, pela plataforma Microsoft Teams. O link de acesso ser\u00e1 enviado aos participantes ap\u00f3s a inscri\u00e7\u00e3o.<\/p>\n<p>O objetivo do encontro \u00e9 orientar microempreendedores individuais sobre como buscar cr\u00e9dito de forma consciente, com juros mais acess\u00edveis e voltado ao fortalecimento de pequenos neg\u00f3cios. A capacita\u00e7\u00e3o vai abordar os principais conceitos do microcr\u00e9dito, as vantagens em rela\u00e7\u00e3o a empr\u00e9stimos convencionais, al\u00e9m de dicas sobre como facilitar o acesso ao cr\u00e9dito e utiliz\u00e1-lo de forma estrat\u00e9gica para impulsionar os empreendimentos.<\/p>\n<p>As inscri\u00e7\u00f5es podem ser feitas por meio do link: (<a href=\"https:\/\/forms.gle\/kHDDCJ3CbFuwMDacA\">https:\/\/forms.gle\/kHDDCJ3CbFuwMDacA<\/a>) ou pelo QR Code divulgado no site e nas redes sociais da Prefeitura.<\/p>\n<p>Segundo o secret\u00e1rio de Desenvolvimento Econ\u00f4mico, Marcelo Dusi, a capacita\u00e7\u00e3o refor\u00e7a o compromisso da gest\u00e3o em apoiar os micro e pequenos empres\u00e1rios. \u201c\u00c9 essencial que os MEIs utilizem o cr\u00e9dito de forma respons\u00e1vel, para crescerem de maneira sustent\u00e1vel. A Casa do Empreendedor busca sempre oferecer esse conhecimento, e mais uma vez conta com a parceria do Sebrae, que tem sido fundamental nesse processo\u201d, destacou.<\/p>\n<p>Para informa\u00e7\u00f5es adicionais e atendimento de rotina, a Casa do Empreendedor funciona no pr\u00e9dio da Secretaria de Fazenda, na Rua Major Belegard, 395, Centro, de segunda a sexta-feira, das 8h30 \u00e0s 17h. O contato tamb\u00e9m pode ser feito pelo WhatsApp\u00a0(22)\u00a03199-0280.<\/p>\n","protected":false},"excerpt":{"rendered":"<p>A Casa do Empreendedor de Cabo Frio, em parceria com o Sebrae Regional Lagos, abriu inscri\u00e7\u00f5es para o Workshop Online \u201cMicrocr\u00e9dito Consciente\u201d, que ser\u00e1 realizado no dia 28, \u00e0s 19h, pela plataforma Microsoft Teams. O link de acesso ser\u00e1 enviado aos participantes ap\u00f3s a inscri\u00e7\u00e3o. O objetivo do encontro \u00e9 orientar microempreendedores individuais sobre como [&hellip;]<\/p>\n","protected":false},"author":2,"featured_media":22719,"comment_status":"open","ping_status":"open","sticky":true,"template":"","format":"standard","meta":{"footnotes":""},"categories":[340],"tags":[1896],"class_list":["post-22718","post","type-post","status-publish","format-standard","has-post-thumbnail","hentry","category-cabo-frio","tag-destaque"],"_links":{"self":[{"href":"https:\/\/blogdodanielgalvao.com.br\/site\/wp-json\/wp\/v2\/posts\/22718","targetHints":{"allow":["GET"]}}],"collection":[{"href":"https:\/\/blogdodanielgalvao.com.br\/site\/wp-json\/wp\/v2\/posts"}],"about":[{"href":"https:\/\/blogdodanielgalvao.com.br\/site\/wp-json\/wp\/v2\/types\/post"}],"author":[{"embeddable":true,"href":"https:\/\/blogdodanielgalvao.com.br\/site\/wp-json\/wp\/v2\/users\/2"}],"replies":[{"embeddable":true,"href":"https:\/\/blogdodanielgalvao.com.br\/site\/wp-json\/wp\/v2\/comments?post=22718"}],"version-history":[{"count":1,"href":"https:\/\/blogdodanielgalvao.com.br\/site\/wp-json\/wp\/v2\/posts\/22718\/revisions"}],"predecessor-version":[{"id":22720,"href":"https:\/\/blogdodanielgalvao.com.br\/site\/wp-json\/wp\/v2\/posts\/22718\/revisions\/22720"}],"wp:featuredmedia":[{"embeddable":true,"href":"https:\/\/blogdodanielgalvao.com.br\/site\/wp-json\/wp\/v2\/media\/22719"}],"wp:attachment":[{"href":"https:\/\/blogdodanielgalvao.com.br\/site\/wp-json\/wp\/v2\/media?parent=22718"}],"wp:term":[{"taxonomy":"category","embeddable":true,"href":"https:\/\/blogdodanielgalvao.com.br\/site\/wp-json\/wp\/v2\/categories?post=22718"},{"taxonomy":"post_tag","embeddable":true,"href":"https:\/\/blogdodanielgalvao.com.br\/site\/wp-json\/wp\/v2\/tags?post=22718"}],"curies":[{"name":"wp","href":"https:\/\/api.w.org\/{rel}","templated":true}]}}