{"id":22711,"date":"2025-08-23T09:43:29","date_gmt":"2025-08-23T12:43:29","guid":{"rendered":"https:\/\/blogdodanielgalvao.com.br\/site\/?p=22711"},"modified":"2025-08-23T09:46:52","modified_gmt":"2025-08-23T12:46:52","slug":"sao-pedro-da-aldeia-faz-celebracao-a-data-da-aviacao","status":"publish","type":"post","link":"https:\/\/blogdodanielgalvao.com.br\/site\/sao-pedro-da-aldeia-faz-celebracao-a-data-da-aviacao\/","title":{"rendered":"S\u00e3o Pedro da Aldeia faz celebra\u00e7\u00e3o \u00e0 data da Avia\u00e7\u00e3o"},"content":{"rendered":"<p>A Avia\u00e7\u00e3o Naval, pioneira no uso de aeronaves militares no Brasil, chega aos 109 anos neste s\u00e1bado (23). Sua trajet\u00f3ria foi decisiva para o avan\u00e7o da avia\u00e7\u00e3o nacional, abrindo caminho para a cria\u00e7\u00e3o de rotas a\u00e9reas e para opera\u00e7\u00f5es de patrulha que refor\u00e7am a defesa das fronteiras e do litoral brasileiro.<\/p>\n<p>Para celebrar a data, a Marinha do Brasil promoveu na manh\u00e3 de sexta-feira (22) uma cerim\u00f4nia na Base A\u00e9rea Naval de S\u00e3o Pedro da Aldeia, na Regi\u00e3o dos Lagos. O ato militar reuniu autoridades civis e militares, em um momento de homenagem \u00e0 hist\u00f3ria e ao legado da avia\u00e7\u00e3o no pa\u00eds.<\/p>\n<p>O munic\u00edpio de Arraial do Cabo tamb\u00e9m esteve presente no evento. A secret\u00e1ria de Seguran\u00e7a P\u00fablica, Magda Fraga, participou da solenidade como representante do prefeito Marcelo Magno, refor\u00e7ando a liga\u00e7\u00e3o da cidade com a tradi\u00e7\u00e3o naval que\u00a0marca\u00a0a\u00a0regi\u00e3o.<\/p>\n","protected":false},"excerpt":{"rendered":"<p>A Avia\u00e7\u00e3o Naval, pioneira no uso de aeronaves militares no Brasil, chega aos 109 anos neste s\u00e1bado (23). Sua trajet\u00f3ria foi decisiva para o avan\u00e7o da avia\u00e7\u00e3o nacional, abrindo caminho para a cria\u00e7\u00e3o de rotas a\u00e9reas e para opera\u00e7\u00f5es de patrulha que refor\u00e7am a defesa das fronteiras e do litoral brasileiro. Para celebrar a data, [&hellip;]<\/p>\n","protected":false},"author":2,"featured_media":22714,"comment_status":"open","ping_status":"open","sticky":true,"template":"","format":"standard","meta":{"footnotes":""},"categories":[2220],"tags":[1896],"class_list":["post-22711","post","type-post","status-publish","format-standard","has-post-thumbnail","hentry","category-regiao-dos-lagos","tag-destaque"],"_links":{"self":[{"href":"https:\/\/blogdodanielgalvao.com.br\/site\/wp-json\/wp\/v2\/posts\/22711","targetHints":{"allow":["GET"]}}],"collection":[{"href":"https:\/\/blogdodanielgalvao.com.br\/site\/wp-json\/wp\/v2\/posts"}],"about":[{"href":"https:\/\/blogdodanielgalvao.com.br\/site\/wp-json\/wp\/v2\/types\/post"}],"author":[{"embeddable":true,"href":"https:\/\/blogdodanielgalvao.com.br\/site\/wp-json\/wp\/v2\/users\/2"}],"replies":[{"embeddable":true,"href":"https:\/\/blogdodanielgalvao.com.br\/site\/wp-json\/wp\/v2\/comments?post=22711"}],"version-history":[{"count":1,"href":"https:\/\/blogdodanielgalvao.com.br\/site\/wp-json\/wp\/v2\/posts\/22711\/revisions"}],"predecessor-version":[{"id":22713,"href":"https:\/\/blogdodanielgalvao.com.br\/site\/wp-json\/wp\/v2\/posts\/22711\/revisions\/22713"}],"wp:featuredmedia":[{"embeddable":true,"href":"https:\/\/blogdodanielgalvao.com.br\/site\/wp-json\/wp\/v2\/media\/22714"}],"wp:attachment":[{"href":"https:\/\/blogdodanielgalvao.com.br\/site\/wp-json\/wp\/v2\/media?parent=22711"}],"wp:term":[{"taxonomy":"category","embeddable":true,"href":"https:\/\/blogdodanielgalvao.com.br\/site\/wp-json\/wp\/v2\/categories?post=22711"},{"taxonomy":"post_tag","embeddable":true,"href":"https:\/\/blogdodanielgalvao.com.br\/site\/wp-json\/wp\/v2\/tags?post=22711"}],"curies":[{"name":"wp","href":"https:\/\/api.w.org\/{rel}","templated":true}]}}