{"id":22704,"date":"2025-08-23T08:34:35","date_gmt":"2025-08-23T11:34:35","guid":{"rendered":"https:\/\/blogdodanielgalvao.com.br\/site\/?p=22704"},"modified":"2025-08-22T20:36:33","modified_gmt":"2025-08-22T23:36:33","slug":"transito-e-transporte-terao-reforco-para-garantir-seguranca-nos-eventos-deste-fim-de-semana-em-macae","status":"publish","type":"post","link":"https:\/\/blogdodanielgalvao.com.br\/site\/transito-e-transporte-terao-reforco-para-garantir-seguranca-nos-eventos-deste-fim-de-semana-em-macae\/","title":{"rendered":"Tr\u00e2nsito e transporte ter\u00e3o refor\u00e7o para garantir seguran\u00e7a nos eventos deste fim de semana em Maca\u00e9"},"content":{"rendered":"<p>Maca\u00e9 contar\u00e1 com um esquema especial de tr\u00e2nsito neste fim de semana em virtude da realiza\u00e7\u00e3o da tradicional Festa de C\u00f3rrego do Ouro e o evento Bora de Bike. A informa\u00e7\u00e3o foi confirmada pela Secretaria de Mobilidade Urbana atrav\u00e9s das Coordenadorias de Tr\u00e2nsito e Transporte. Os respons\u00e1veis v\u00e3o estar atuando com o objetivo de garantir o ordenamento vi\u00e1rio, a fluidez do tr\u00e2nsito e tamb\u00e9m \u00e0 seguran\u00e7a da popula\u00e7\u00e3o.<\/p>\n<p>A Festa de C\u00f3rrego do Ouro est\u00e1 sendo realizada durante todo o fim de semana. Exatamente por isso, ela conta com um esquema especial de atendimento com \u00f4nibus extras durante todos os dias do evento. Outro ponto importante \u00e9 que o hor\u00e1rio de funcionamento do transporte tamb\u00e9m foi estendido para atender \u00e0 nova demanda. A recomenda\u00e7\u00e3o da Coordenadoria de Transporte \u00e9 que a popula\u00e7\u00e3o priorize a utiliza\u00e7\u00e3o do transporte p\u00fablico.<\/p>\n<p>As autoridades respons\u00e1veis tamb\u00e9m confirmaram que fiscais de transporte atuar\u00e3o no local para garantir o cumprimento das rotas e hor\u00e1rios. Vale lembrar que a tarifa \u00e9 de apenas R$ 1,00 para usu\u00e1rios do Cart\u00e3o Maca\u00e9. A cidade conta hoje com uma das frotas de \u00f4nibus mais modernas do pa\u00eds.<\/p>\n<p>Ainda sobre a Festa de C\u00f3rrego do Ouro, agentes de tr\u00e2nsito estar\u00e3o posicionados para organizar o tr\u00e1fego e garantir a seguran\u00e7a dos pedestres. A via auxiliar em frente ao Parque de Exposi\u00e7\u00f5es estar\u00e1 interditada, e motoristas devem redobrar a aten\u00e7\u00e3o, respeitar a sinaliza\u00e7\u00e3o e seguir as orienta\u00e7\u00f5es dos agentes.<\/p>\n<p>No s\u00e1bado (23), o apoio se estende \u00e0 tradicional Cavalgada, que sair\u00e1 \u00e0s 12h do trevo da BR-101 em dire\u00e7\u00e3o ao C\u00f3rrego do Ouro. Durante a passagem dos participantes, os condutores devem reduzir a velocidade e manter a cautela nas vias.<\/p>\n<p>J\u00e1 no domingo (24), o evento esportivo Bora de Bike ir\u00e1 alterar o tr\u00e2nsito na regi\u00e3o central. A Avenida Elias Agostinho, na Imbetiba, ser\u00e1 interditada a partir das 6h da manh\u00e3 para a realiza\u00e7\u00e3o do percurso de 10 km, com concentra\u00e7\u00e3o \u00e0s 7h e largada \u00e0s 8h30. O trajeto ser\u00e1 monitorado por ve\u00edculos e motocicletas da Coordenadoria de Tr\u00e2nsito, garantindo a seguran\u00e7a dos ciclistas.<\/p>\n","protected":false},"excerpt":{"rendered":"<p>Maca\u00e9 contar\u00e1 com um esquema especial de tr\u00e2nsito neste fim de semana em virtude da realiza\u00e7\u00e3o da tradicional Festa de C\u00f3rrego do Ouro e o evento Bora de Bike. A informa\u00e7\u00e3o foi confirmada pela Secretaria de Mobilidade Urbana atrav\u00e9s das Coordenadorias de Tr\u00e2nsito e Transporte. Os respons\u00e1veis v\u00e3o estar atuando com o objetivo de garantir [&hellip;]<\/p>\n","protected":false},"author":2,"featured_media":22705,"comment_status":"open","ping_status":"open","sticky":true,"template":"","format":"standard","meta":{"footnotes":""},"categories":[2],"tags":[],"class_list":["post-22704","post","type-post","status-publish","format-standard","has-post-thumbnail","hentry","category-macae"],"_links":{"self":[{"href":"https:\/\/blogdodanielgalvao.com.br\/site\/wp-json\/wp\/v2\/posts\/22704","targetHints":{"allow":["GET"]}}],"collection":[{"href":"https:\/\/blogdodanielgalvao.com.br\/site\/wp-json\/wp\/v2\/posts"}],"about":[{"href":"https:\/\/blogdodanielgalvao.com.br\/site\/wp-json\/wp\/v2\/types\/post"}],"author":[{"embeddable":true,"href":"https:\/\/blogdodanielgalvao.com.br\/site\/wp-json\/wp\/v2\/users\/2"}],"replies":[{"embeddable":true,"href":"https:\/\/blogdodanielgalvao.com.br\/site\/wp-json\/wp\/v2\/comments?post=22704"}],"version-history":[{"count":1,"href":"https:\/\/blogdodanielgalvao.com.br\/site\/wp-json\/wp\/v2\/posts\/22704\/revisions"}],"predecessor-version":[{"id":22706,"href":"https:\/\/blogdodanielgalvao.com.br\/site\/wp-json\/wp\/v2\/posts\/22704\/revisions\/22706"}],"wp:featuredmedia":[{"embeddable":true,"href":"https:\/\/blogdodanielgalvao.com.br\/site\/wp-json\/wp\/v2\/media\/22705"}],"wp:attachment":[{"href":"https:\/\/blogdodanielgalvao.com.br\/site\/wp-json\/wp\/v2\/media?parent=22704"}],"wp:term":[{"taxonomy":"category","embeddable":true,"href":"https:\/\/blogdodanielgalvao.com.br\/site\/wp-json\/wp\/v2\/categories?post=22704"},{"taxonomy":"post_tag","embeddable":true,"href":"https:\/\/blogdodanielgalvao.com.br\/site\/wp-json\/wp\/v2\/tags?post=22704"}],"curies":[{"name":"wp","href":"https:\/\/api.w.org\/{rel}","templated":true}]}}