{"id":22701,"date":"2025-08-22T20:22:16","date_gmt":"2025-08-22T23:22:16","guid":{"rendered":"https:\/\/blogdodanielgalvao.com.br\/site\/?p=22701"},"modified":"2025-08-22T20:22:16","modified_gmt":"2025-08-22T23:22:16","slug":"vacinacao-contra-a-dengue-em-campos-tem-baixa-procura-e-acende-sinal-de-alerta","status":"publish","type":"post","link":"https:\/\/blogdodanielgalvao.com.br\/site\/vacinacao-contra-a-dengue-em-campos-tem-baixa-procura-e-acende-sinal-de-alerta\/","title":{"rendered":"Vacina\u00e7\u00e3o contra a dengue em Campos tem baixa procura e acende sinal de alerta"},"content":{"rendered":"<p>Campos segue com a campanha de imuniza\u00e7\u00e3o contra a dengue, mas os n\u00fameros coletados at\u00e9 aqui n\u00e3o s\u00e3o animadores. Segundo dados oficiais, o munic\u00edpio vacinou apenas 8,8% da popula\u00e7\u00e3o. Os n\u00fameros s\u00e3o considerados baixos quando levados em considera\u00e7\u00e3o \u00e0 demanda dispon\u00edvel de pessoas aptas a receberam o imunizante.<\/p>\n<p>Diante dos n\u00fameros, o assessor t\u00e9cnico de Imuniza\u00e7\u00e3o da Secretaria Municipal de Sa\u00fade (SMS), Leonardo Cordeiro, aproveitou a oportunidade para ressaltar a import\u00e2ncia e tamb\u00e9m necessidade de os pais levarem seus filhos aos postos de vacina\u00e7\u00e3o, que t\u00eam hor\u00e1rios alternativos e est\u00e3o dispon\u00edveis at\u00e9 nos finais de semana e feriados.<\/p>\n<p>\u201c\u00c9 importante que os pais levem seus filhos para se vacinar, aproveitando que a vacina est\u00e1 dispon\u00edvel na rede p\u00fablica. A imuniza\u00e7\u00e3o ajuda a prevenir formas graves da doen\u00e7a, interna\u00e7\u00f5es e \u00f3bitos, sendo essencial se vacinar antes mesmo do aumento dos casos de dengue, que costuma ocorrer no per\u00edodo de chuvas\u201d, refor\u00e7ou Leonardo.<\/p>\n<p>Das 34.110 crian\u00e7as e adolescentes eleg\u00edveis para a vacina\u00e7\u00e3o, somente 2.992 receberam a 1\u00aa dose entre os dias 9 de junho e 20 de agosto. O esquema vacinal contra a dengue \u00e9 composto por duas doses da vacina Qdengua, com intervalo de tr\u00eas meses entre elas. A prote\u00e7\u00e3o s\u00f3 \u00e9 completa com as duas aplica\u00e7\u00f5es. Lembrando que a aplica\u00e7\u00e3o da vacina est\u00e1 concentrada na faixa et\u00e1ria de 10 a 14 anos, que \u00e9 o p\u00fablico recomendado pelo Minist\u00e9rio da Sa\u00fade.<\/p>\n<p>O assessor t\u00e9cnico de Imuniza\u00e7\u00e3o salienta, ainda, que a vacina contra a dengue \u00e9 eficaz e segura, com mais de 80% de efic\u00e1cia. \u201cO principal objetivo da imuniza\u00e7\u00e3o \u00e9 prevenir formas graves da doen\u00e7a, como \u00f3bitos e interna\u00e7\u00f5es. As \u00fanicas contraindica\u00e7\u00f5es s\u00e3o para pessoas imunodeprimidas, gestantes e lactantes, pois a vacina \u00e9 de v\u00edrus vivo. Para pessoas saud\u00e1veis, n\u00e3o h\u00e1 riscos em se vacinar\u201d, reiterou.<\/p>\n<p>VACINA\u00c7\u00c3O \u2014 Para receber a vacina, basta comparecer \u00e0 unidade mais pr\u00f3xima com documento oficial com foto, CPF ou cart\u00e3o do SUS e caderneta de vacina. O imunizante \u00e9 aplicado em duas doses, com intervalo de 90 dias entre elas. Quem est\u00e1 com diagn\u00f3stico positivo ou teve dengue recentemente deve aguardar seis meses para tomar a vacina e quem est\u00e1 com sintomas da doen\u00e7a tamb\u00e9m n\u00e3o deve tomar o imunizante. Outra orienta\u00e7\u00e3o \u00e9 que a vacina \u00e9 contraindicada para pessoas com imunodefici\u00eancia cong\u00eanita ou adquirida, incluindo terapias imunossupressoras.<\/p>\n","protected":false},"excerpt":{"rendered":"<p>Campos segue com a campanha de imuniza\u00e7\u00e3o contra a dengue, mas os n\u00fameros coletados at\u00e9 aqui n\u00e3o s\u00e3o animadores. Segundo dados oficiais, o munic\u00edpio vacinou apenas 8,8% da popula\u00e7\u00e3o. Os n\u00fameros s\u00e3o considerados baixos quando levados em considera\u00e7\u00e3o \u00e0 demanda dispon\u00edvel de pessoas aptas a receberam o imunizante. Diante dos n\u00fameros, o assessor t\u00e9cnico de [&hellip;]<\/p>\n","protected":false},"author":2,"featured_media":22702,"comment_status":"open","ping_status":"open","sticky":true,"template":"","format":"standard","meta":{"footnotes":""},"categories":[2113],"tags":[],"class_list":["post-22701","post","type-post","status-publish","format-standard","has-post-thumbnail","hentry","category-saude"],"_links":{"self":[{"href":"https:\/\/blogdodanielgalvao.com.br\/site\/wp-json\/wp\/v2\/posts\/22701","targetHints":{"allow":["GET"]}}],"collection":[{"href":"https:\/\/blogdodanielgalvao.com.br\/site\/wp-json\/wp\/v2\/posts"}],"about":[{"href":"https:\/\/blogdodanielgalvao.com.br\/site\/wp-json\/wp\/v2\/types\/post"}],"author":[{"embeddable":true,"href":"https:\/\/blogdodanielgalvao.com.br\/site\/wp-json\/wp\/v2\/users\/2"}],"replies":[{"embeddable":true,"href":"https:\/\/blogdodanielgalvao.com.br\/site\/wp-json\/wp\/v2\/comments?post=22701"}],"version-history":[{"count":1,"href":"https:\/\/blogdodanielgalvao.com.br\/site\/wp-json\/wp\/v2\/posts\/22701\/revisions"}],"predecessor-version":[{"id":22703,"href":"https:\/\/blogdodanielgalvao.com.br\/site\/wp-json\/wp\/v2\/posts\/22701\/revisions\/22703"}],"wp:featuredmedia":[{"embeddable":true,"href":"https:\/\/blogdodanielgalvao.com.br\/site\/wp-json\/wp\/v2\/media\/22702"}],"wp:attachment":[{"href":"https:\/\/blogdodanielgalvao.com.br\/site\/wp-json\/wp\/v2\/media?parent=22701"}],"wp:term":[{"taxonomy":"category","embeddable":true,"href":"https:\/\/blogdodanielgalvao.com.br\/site\/wp-json\/wp\/v2\/categories?post=22701"},{"taxonomy":"post_tag","embeddable":true,"href":"https:\/\/blogdodanielgalvao.com.br\/site\/wp-json\/wp\/v2\/tags?post=22701"}],"curies":[{"name":"wp","href":"https:\/\/api.w.org\/{rel}","templated":true}]}}