{"id":22698,"date":"2025-08-22T20:17:29","date_gmt":"2025-08-22T23:17:29","guid":{"rendered":"https:\/\/blogdodanielgalvao.com.br\/site\/?p=22698"},"modified":"2025-08-22T20:17:29","modified_gmt":"2025-08-22T23:17:29","slug":"rio-das-ostras-tem-dia-d-em-9-unidades-de-saude-nesse-sabado-23","status":"publish","type":"post","link":"https:\/\/blogdodanielgalvao.com.br\/site\/rio-das-ostras-tem-dia-d-em-9-unidades-de-saude-nesse-sabado-23\/","title":{"rendered":"Rio das Ostras tem \u201cDia D\u201d em 9 unidades de sa\u00fade nesse s\u00e1bado (23)"},"content":{"rendered":"<p>A Prefeitura de Rio das Ostras promove, nesse s\u00e1bado, 23, um \u201cDia D de Sa\u00fade\u201d, com v\u00e1rias unidades da rede p\u00fablica municipal funcionando das 8h \u00e0s 17h, ampliando o acesso da popula\u00e7\u00e3o aos servi\u00e7os essenciais de sa\u00fade.<\/p>\n<p>De acordo com o munic\u00edpio, a a\u00e7\u00e3o visa tamb\u00e9m o fortalecimento da chamada Aten\u00e7\u00e3o Prim\u00e1ria \u00e0 Sa\u00fade, com 9 unidades funcionando especialmente para atender a popula\u00e7\u00e3o, oferecendo sala de vacina\u00e7\u00e3o, sala de curativos e procedimentos, e atendimentos m\u00e9dicos, de sa\u00fade bucal, e enfermagem, al\u00e9m de neuropediatria e pediatria.<\/p>\n<p>Os atendimentos acontecem tanto para casos j\u00e1 agendados quanto para a chamada demanda espont\u00e2nea, oferecendo os servi\u00e7os para as pessoas que t\u00eam mais dificuldade de conseguir atendimento durante o hor\u00e1rio comercial, de segunda a sexta.<\/p>\n<p>Entre as unidades que fazem parte do \u201cDia D\u201d est\u00e3o as de Estrat\u00e9gia de Sa\u00fade da Fam\u00edlia (ESF) da Cidade Praiana, Cidade Beira Mar, Recanto, Nova Cidade, Nova Esperan\u00e7a, Cl\u00e1udio Ribeiro e \u00c2ncora.<\/p>\n<p>Tamb\u00e9m far\u00e3o parte da a\u00e7\u00e3o a Unidade B\u00e1sica de Sa\u00fade (UBS do Jardim Maril\u00e9a, e o N\u00facleo de Aten\u00e7\u00e3o \u00e0 Sa\u00fade da Crian\u00e7a e Adolescente (NASCA), que ter\u00e3o hor\u00e1rio de funcionamento ampliado nesse s\u00e1bado.<\/p>\n<p>\u201cA iniciativa \u00e9 um esfor\u00e7o concentrado e estrat\u00e9gico, potencializado pela atua\u00e7\u00e3o fundamental dos Agentes Comunit\u00e1rios de Sa\u00fade (ACSs), em visitas domiciliares, visando tamb\u00e9m reduzir as demandas reprimidas e reconectar a popula\u00e7\u00e3o aos servi\u00e7os essenciais de sa\u00fade\u201d, explicou a prefeitura.<\/p>\n<p>O munic\u00edpio ressalta ainda a import\u00e2ncia da vacina\u00e7\u00e3o de HPV em dose \u00fanica para adolescentes, meninas e meninos, com idade entre 9 e 14 anos, 11 meses e 29 dias, sendo que at\u00e9 dezembro, a faixa et\u00e1ria ser\u00e1 ampliada at\u00e9 19 anos, para homens e mulheres, seguindo orienta\u00e7\u00e3o do Minist\u00e9rio da Sa\u00fade.<\/p>\n<p>Durante a a\u00e7\u00e3o desse s\u00e1bado, as unidades tamb\u00e9m oferecem vacina\u00e7\u00e3o contra a dengue, incluindo crian\u00e7as de 10 a 14 anos, lembrando que o imunizante \u00e9 disponibilizado pelo Sistema \u00danico de Sa\u00fade (SUS) e sua fun\u00e7\u00e3o \u00e9 estimular o sistema imunol\u00f3gico a produzir c\u00e9lulas e anticorpos espec\u00edficos para proteger a pessoa infectada.<\/p>\n<p>\u201cA vacina\u00e7\u00e3o em larga escala \u00e9 uma ferramenta crucial para a sa\u00fade p\u00fablica, pois contribui para a imunidade, reduzindo a circula\u00e7\u00e3o do v\u00edrus e protegendo toda a comunidade, inclusive aqueles que n\u00e3o podem ser vacinados. Vale lembrar que a Sociedade Brasileira de Imuniza\u00e7\u00f5es (SBIm) confirma que estudos demonstraram a seguran\u00e7a da coadministra\u00e7\u00e3o das vacinas contra HPV e dengue. Essa pr\u00e1tica \u00e9 uma grande vantagem, pois otimiza a ida do adolescente ao posto de sa\u00fade ou cl\u00ednica, facilitando o acesso e aumentando a cobertura vacinal de ambos os imunizantes\u201d, completou a prefeitura.<\/p>\n","protected":false},"excerpt":{"rendered":"<p>A Prefeitura de Rio das Ostras promove, nesse s\u00e1bado, 23, um \u201cDia D de Sa\u00fade\u201d, com v\u00e1rias unidades da rede p\u00fablica municipal funcionando das 8h \u00e0s 17h, ampliando o acesso da popula\u00e7\u00e3o aos servi\u00e7os essenciais de sa\u00fade. De acordo com o munic\u00edpio, a a\u00e7\u00e3o visa tamb\u00e9m o fortalecimento da chamada Aten\u00e7\u00e3o Prim\u00e1ria \u00e0 Sa\u00fade, com [&hellip;]<\/p>\n","protected":false},"author":2,"featured_media":22699,"comment_status":"open","ping_status":"open","sticky":true,"template":"","format":"standard","meta":{"footnotes":""},"categories":[1],"tags":[],"class_list":["post-22698","post","type-post","status-publish","format-standard","has-post-thumbnail","hentry","category-sem-categoria"],"_links":{"self":[{"href":"https:\/\/blogdodanielgalvao.com.br\/site\/wp-json\/wp\/v2\/posts\/22698","targetHints":{"allow":["GET"]}}],"collection":[{"href":"https:\/\/blogdodanielgalvao.com.br\/site\/wp-json\/wp\/v2\/posts"}],"about":[{"href":"https:\/\/blogdodanielgalvao.com.br\/site\/wp-json\/wp\/v2\/types\/post"}],"author":[{"embeddable":true,"href":"https:\/\/blogdodanielgalvao.com.br\/site\/wp-json\/wp\/v2\/users\/2"}],"replies":[{"embeddable":true,"href":"https:\/\/blogdodanielgalvao.com.br\/site\/wp-json\/wp\/v2\/comments?post=22698"}],"version-history":[{"count":1,"href":"https:\/\/blogdodanielgalvao.com.br\/site\/wp-json\/wp\/v2\/posts\/22698\/revisions"}],"predecessor-version":[{"id":22700,"href":"https:\/\/blogdodanielgalvao.com.br\/site\/wp-json\/wp\/v2\/posts\/22698\/revisions\/22700"}],"wp:featuredmedia":[{"embeddable":true,"href":"https:\/\/blogdodanielgalvao.com.br\/site\/wp-json\/wp\/v2\/media\/22699"}],"wp:attachment":[{"href":"https:\/\/blogdodanielgalvao.com.br\/site\/wp-json\/wp\/v2\/media?parent=22698"}],"wp:term":[{"taxonomy":"category","embeddable":true,"href":"https:\/\/blogdodanielgalvao.com.br\/site\/wp-json\/wp\/v2\/categories?post=22698"},{"taxonomy":"post_tag","embeddable":true,"href":"https:\/\/blogdodanielgalvao.com.br\/site\/wp-json\/wp\/v2\/tags?post=22698"}],"curies":[{"name":"wp","href":"https:\/\/api.w.org\/{rel}","templated":true}]}}