{"id":22681,"date":"2025-08-22T15:55:07","date_gmt":"2025-08-22T18:55:07","guid":{"rendered":"https:\/\/blogdodanielgalvao.com.br\/site\/?p=22681"},"modified":"2025-08-22T15:55:07","modified_gmt":"2025-08-22T18:55:07","slug":"cabo-frio-destaca-bem-estar-e-socializacao-em-evento-da-melhor-idade","status":"publish","type":"post","link":"https:\/\/blogdodanielgalvao.com.br\/site\/cabo-frio-destaca-bem-estar-e-socializacao-em-evento-da-melhor-idade\/","title":{"rendered":"Cabo Frio destaca bem-estar e socializa\u00e7\u00e3o em evento da Melhor Idade"},"content":{"rendered":"<p>A Gincana da Melhor Idade, organizada pela Prefeitura de Cabo Frio atrav\u00e9s da Secretaria da Melhor Idade, chegou ao fim nesta sexta-feira (22) ap\u00f3s tr\u00eas dias de programa\u00e7\u00e3o especial no distrito de Tamoios. O evento teve como objetivo promover lazer, integra\u00e7\u00e3o e momentos de bem-estar para os idosos atendidos pela pasta.<\/p>\n<p>As atividades come\u00e7aram na quarta-feira (20), quando os participantes foram divididos em tr\u00eas equipes representadas pelas cores azul, amarela e verde. No Gin\u00e1sio Poliesportivo, ocorreram brincadeiras e din\u00e2micas. J\u00e1 na quinta-feira (21), os idosos participaram de uma caminhada pelas ruas de Tamoios, acompanhados pela Guarda Municipal para garantir seguran\u00e7a durante o percurso.<\/p>\n<p>O encerramento aconteceu na sexta-feira (22), com a entrega de trof\u00e9us \u00e0s equipes. O grupo verde conquistou a vit\u00f3ria e todos os participantes celebraram juntos em um caf\u00e9 da manh\u00e3 de confraterniza\u00e7\u00e3o.<\/p>\n<p>A secret\u00e1ria da Melhor Idade, Camila Saraiva, destacou a import\u00e2ncia da iniciativa: \u201cForam tr\u00eas dias de muita energia e envolvimento. Tivemos provas como corrida do ovo, cabelo maluco, dan\u00e7a, caminhada, entre outras atividades. A gincana \u00e9 uma forma de manter os idosos ativos e proporcionar lazer aliado \u00e0 sa\u00fade\u201d.<\/p>\n<p>O evento reuniu moradores acima de 60 anos atendidos pela Secretaria, fortalecendo v\u00ednculos sociais e incentivando pr\u00e1ticas que contribuem para a qualidade\u00a0de\u00a0vida.<\/p>\n","protected":false},"excerpt":{"rendered":"<p>A Gincana da Melhor Idade, organizada pela Prefeitura de Cabo Frio atrav\u00e9s da Secretaria da Melhor Idade, chegou ao fim nesta sexta-feira (22) ap\u00f3s tr\u00eas dias de programa\u00e7\u00e3o especial no distrito de Tamoios. O evento teve como objetivo promover lazer, integra\u00e7\u00e3o e momentos de bem-estar para os idosos atendidos pela pasta. As atividades come\u00e7aram na [&hellip;]<\/p>\n","protected":false},"author":2,"featured_media":22682,"comment_status":"open","ping_status":"open","sticky":true,"template":"","format":"standard","meta":{"footnotes":""},"categories":[340],"tags":[1896],"class_list":["post-22681","post","type-post","status-publish","format-standard","has-post-thumbnail","hentry","category-cabo-frio","tag-destaque"],"_links":{"self":[{"href":"https:\/\/blogdodanielgalvao.com.br\/site\/wp-json\/wp\/v2\/posts\/22681","targetHints":{"allow":["GET"]}}],"collection":[{"href":"https:\/\/blogdodanielgalvao.com.br\/site\/wp-json\/wp\/v2\/posts"}],"about":[{"href":"https:\/\/blogdodanielgalvao.com.br\/site\/wp-json\/wp\/v2\/types\/post"}],"author":[{"embeddable":true,"href":"https:\/\/blogdodanielgalvao.com.br\/site\/wp-json\/wp\/v2\/users\/2"}],"replies":[{"embeddable":true,"href":"https:\/\/blogdodanielgalvao.com.br\/site\/wp-json\/wp\/v2\/comments?post=22681"}],"version-history":[{"count":1,"href":"https:\/\/blogdodanielgalvao.com.br\/site\/wp-json\/wp\/v2\/posts\/22681\/revisions"}],"predecessor-version":[{"id":22683,"href":"https:\/\/blogdodanielgalvao.com.br\/site\/wp-json\/wp\/v2\/posts\/22681\/revisions\/22683"}],"wp:featuredmedia":[{"embeddable":true,"href":"https:\/\/blogdodanielgalvao.com.br\/site\/wp-json\/wp\/v2\/media\/22682"}],"wp:attachment":[{"href":"https:\/\/blogdodanielgalvao.com.br\/site\/wp-json\/wp\/v2\/media?parent=22681"}],"wp:term":[{"taxonomy":"category","embeddable":true,"href":"https:\/\/blogdodanielgalvao.com.br\/site\/wp-json\/wp\/v2\/categories?post=22681"},{"taxonomy":"post_tag","embeddable":true,"href":"https:\/\/blogdodanielgalvao.com.br\/site\/wp-json\/wp\/v2\/tags?post=22681"}],"curies":[{"name":"wp","href":"https:\/\/api.w.org\/{rel}","templated":true}]}}