{"id":22675,"date":"2025-08-22T15:50:30","date_gmt":"2025-08-22T18:50:30","guid":{"rendered":"https:\/\/blogdodanielgalvao.com.br\/site\/?p=22675"},"modified":"2025-08-22T15:50:30","modified_gmt":"2025-08-22T18:50:30","slug":"cabo-frio-amplia-preparo-de-agentes-para-operacoes-no-mar","status":"publish","type":"post","link":"https:\/\/blogdodanielgalvao.com.br\/site\/cabo-frio-amplia-preparo-de-agentes-para-operacoes-no-mar\/","title":{"rendered":"Cabo Frio amplia preparo de agentes para opera\u00e7\u00f5es no mar"},"content":{"rendered":"<p>Na manh\u00e3 desta sexta-feira (22), agentes da Guarda Civil de Cabo Frio participaram da etapa pr\u00e1tica do Curso Especial para a Tripula\u00e7\u00e3o de Embarca\u00e7\u00f5es de Estado no Servi\u00e7o P\u00fablico, promovido pela Marinha do Brasil. A atividade aconteceu no Terminal de Transatl\u00e2nticos, ap\u00f3s uma semana de forma\u00e7\u00e3o te\u00f3rica realizada na Capitania dos Portos, no bairro Gamboa.<\/p>\n<p>Durante os exerc\u00edcios no mar, os participantes colocaram em pr\u00e1tica os conte\u00fados aprendidos, com treinamentos de navega\u00e7\u00e3o, opera\u00e7\u00e3o de embarca\u00e7\u00f5es, manobras de lan\u00e7amento de barcos, uso de motos aqu\u00e1ticas e protocolos de seguran\u00e7a aqu\u00e1tica.<\/p>\n<p>O curso, direcionado a servidores p\u00fablicos, tem como objetivo ampliar a efici\u00eancia das opera\u00e7\u00f5es no mar e estimular a integra\u00e7\u00e3o entre diferentes institui\u00e7\u00f5es. Al\u00e9m dos grupamentos GOP, Tr\u00e2nsito, Romu e Guarda Mar\u00edtima e Ambiental, participaram tamb\u00e9m o Corpo de Bombeiros, a Defesa Civil e guardas municipais de munic\u00edpios vizinhos.<\/p>\n<p>De acordo com o inspetor-geral \u00c2ngelo Amaral, a capacita\u00e7\u00e3o garante mais qualidade no atendimento \u00e0 popula\u00e7\u00e3o e fortalece a atua\u00e7\u00e3o conjunta. \u201cO curso foi voltado para agentes que ainda n\u00e3o haviam participado, incluindo eu. Mais do que aprender t\u00e9cnicas, essa experi\u00eancia mostra a import\u00e2ncia de termos uma Guarda preparada, pronta para agir com seguran\u00e7a e efici\u00eancia em qualquer situa\u00e7\u00e3o que envolva a popula\u00e7\u00e3o e as opera\u00e7\u00f5es aqu\u00e1ticas\u201d,\u00a0destacou.<\/p>\n","protected":false},"excerpt":{"rendered":"<p>Na manh\u00e3 desta sexta-feira (22), agentes da Guarda Civil de Cabo Frio participaram da etapa pr\u00e1tica do Curso Especial para a Tripula\u00e7\u00e3o de Embarca\u00e7\u00f5es de Estado no Servi\u00e7o P\u00fablico, promovido pela Marinha do Brasil. A atividade aconteceu no Terminal de Transatl\u00e2nticos, ap\u00f3s uma semana de forma\u00e7\u00e3o te\u00f3rica realizada na Capitania dos Portos, no bairro Gamboa. [&hellip;]<\/p>\n","protected":false},"author":2,"featured_media":22677,"comment_status":"open","ping_status":"open","sticky":true,"template":"","format":"standard","meta":{"footnotes":""},"categories":[340],"tags":[1896],"class_list":["post-22675","post","type-post","status-publish","format-standard","has-post-thumbnail","hentry","category-cabo-frio","tag-destaque"],"_links":{"self":[{"href":"https:\/\/blogdodanielgalvao.com.br\/site\/wp-json\/wp\/v2\/posts\/22675","targetHints":{"allow":["GET"]}}],"collection":[{"href":"https:\/\/blogdodanielgalvao.com.br\/site\/wp-json\/wp\/v2\/posts"}],"about":[{"href":"https:\/\/blogdodanielgalvao.com.br\/site\/wp-json\/wp\/v2\/types\/post"}],"author":[{"embeddable":true,"href":"https:\/\/blogdodanielgalvao.com.br\/site\/wp-json\/wp\/v2\/users\/2"}],"replies":[{"embeddable":true,"href":"https:\/\/blogdodanielgalvao.com.br\/site\/wp-json\/wp\/v2\/comments?post=22675"}],"version-history":[{"count":1,"href":"https:\/\/blogdodanielgalvao.com.br\/site\/wp-json\/wp\/v2\/posts\/22675\/revisions"}],"predecessor-version":[{"id":22678,"href":"https:\/\/blogdodanielgalvao.com.br\/site\/wp-json\/wp\/v2\/posts\/22675\/revisions\/22678"}],"wp:featuredmedia":[{"embeddable":true,"href":"https:\/\/blogdodanielgalvao.com.br\/site\/wp-json\/wp\/v2\/media\/22677"}],"wp:attachment":[{"href":"https:\/\/blogdodanielgalvao.com.br\/site\/wp-json\/wp\/v2\/media?parent=22675"}],"wp:term":[{"taxonomy":"category","embeddable":true,"href":"https:\/\/blogdodanielgalvao.com.br\/site\/wp-json\/wp\/v2\/categories?post=22675"},{"taxonomy":"post_tag","embeddable":true,"href":"https:\/\/blogdodanielgalvao.com.br\/site\/wp-json\/wp\/v2\/tags?post=22675"}],"curies":[{"name":"wp","href":"https:\/\/api.w.org\/{rel}","templated":true}]}}