{"id":22673,"date":"2025-08-22T15:48:48","date_gmt":"2025-08-22T18:48:48","guid":{"rendered":"https:\/\/blogdodanielgalvao.com.br\/site\/?p=22673"},"modified":"2025-08-22T15:48:48","modified_gmt":"2025-08-22T18:48:48","slug":"educacao-inclusiva-avanca-em-quissama-com-participacao-em-forum-estadual","status":"publish","type":"post","link":"https:\/\/blogdodanielgalvao.com.br\/site\/educacao-inclusiva-avanca-em-quissama-com-participacao-em-forum-estadual\/","title":{"rendered":"Educa\u00e7\u00e3o inclusiva avan\u00e7a em Quissam\u00e3 com participa\u00e7\u00e3o em f\u00f3rum estadual"},"content":{"rendered":"<p style=\"text-align: left;\">A Secretaria Municipal de Educa\u00e7\u00e3o de Quissam\u00e3 refor\u00e7ou seu compromisso com a promo\u00e7\u00e3o da educa\u00e7\u00e3o inclusiva ao participar do F\u00f3rum de Educa\u00e7\u00e3o Especial na Perspectiva da Educa\u00e7\u00e3o Inclusiva, realizado na \u00faltima semana, no Rio de Janeiro. Representado por sua equipe de Educa\u00e7\u00e3o Inclusiva, o munic\u00edpio integrou o encontro com o objetivo de compartilhar experi\u00eancias e fortalecer iniciativas que assegurem o direito \u00e0 aprendizagem de todos os estudantes, respeitando suas individualidades.<\/p>\n<p>A presen\u00e7a de Quissam\u00e3 no evento representa um passo significativo na consolida\u00e7\u00e3o de pr\u00e1ticas pedag\u00f3gicas que valorizem a diversidade e promovam o acesso, a perman\u00eancia e o desenvolvimento de cada aluno no ambiente escolar.<\/p>\n<p>Promovido pela Secretaria de Estado de Educa\u00e7\u00e3o, o f\u00f3rum tamb\u00e9m marcou a cria\u00e7\u00e3o de um comit\u00ea gestor e definiu diretrizes para a constru\u00e7\u00e3o de escolas p\u00fablicas mais acess\u00edveis, acolhedoras e preparadas para atender \u00e0s necessidades de todos os alunos da rede estadual fluminense.<\/p>\n<p>O secret\u00e1rio de Educa\u00e7\u00e3o, Jos\u00e9 Henrique Abreu, destacou a relev\u00e2ncia da participa\u00e7\u00e3o de Quissam\u00e3 em eventos como esse, ressaltando o esfor\u00e7o cont\u00ednuo do munic\u00edpio em aprimorar a educa\u00e7\u00e3o para todos. \u201cA presen\u00e7a de nossa equipe neste f\u00f3rum refor\u00e7a a nossa dedica\u00e7\u00e3o em construir uma escola verdadeiramente para todos. A educa\u00e7\u00e3o inclusiva n\u00e3o \u00e9 apenas uma diretriz, mas um valor fundamental da nossa gest\u00e3o. Estamos empenhados em garantir que cada crian\u00e7a e adolescente em Quissam\u00e3 tenha acesso a uma educa\u00e7\u00e3o de qualidade, que respeite suas necessidades individuais e celebre suas diferen\u00e7as.\u201d<\/p>\n<p>A coordenadora de Educa\u00e7\u00e3o Inclusiva, Cyntia Cristina Teixeira, que representou o munic\u00edpio ao lado de Vanessa dos Santos, ressaltou a import\u00e2ncia da iniciativa para o fortalecimento das pol\u00edticas p\u00fablicas na \u00e1rea:<\/p>\n<p>\u201cEste encontro foi uma oportunidade de aprendizado e colabora\u00e7\u00e3o. Sa\u00edmos de l\u00e1 com novos conhecimentos e estrat\u00e9gias para potencializar ainda mais nossas pr\u00e1ticas pedag\u00f3gicas. A cria\u00e7\u00e3o do comit\u00ea gestor \u00e9 um passo fundamental para que a educa\u00e7\u00e3o inclusiva se torne uma realidade ainda mais s\u00f3lida em nossas escolas.\u201d<\/p>\n","protected":false},"excerpt":{"rendered":"<p>A Secretaria Municipal de Educa\u00e7\u00e3o de Quissam\u00e3 refor\u00e7ou seu compromisso com a promo\u00e7\u00e3o da educa\u00e7\u00e3o inclusiva ao participar do F\u00f3rum de Educa\u00e7\u00e3o Especial na Perspectiva da Educa\u00e7\u00e3o Inclusiva, realizado na \u00faltima semana, no Rio de Janeiro. Representado por sua equipe de Educa\u00e7\u00e3o Inclusiva, o munic\u00edpio integrou o encontro com o objetivo de compartilhar experi\u00eancias e [&hellip;]<\/p>\n","protected":false},"author":2,"featured_media":22674,"comment_status":"open","ping_status":"open","sticky":true,"template":"","format":"standard","meta":{"footnotes":""},"categories":[5],"tags":[],"class_list":["post-22673","post","type-post","status-publish","format-standard","has-post-thumbnail","hentry","category-quissama"],"_links":{"self":[{"href":"https:\/\/blogdodanielgalvao.com.br\/site\/wp-json\/wp\/v2\/posts\/22673","targetHints":{"allow":["GET"]}}],"collection":[{"href":"https:\/\/blogdodanielgalvao.com.br\/site\/wp-json\/wp\/v2\/posts"}],"about":[{"href":"https:\/\/blogdodanielgalvao.com.br\/site\/wp-json\/wp\/v2\/types\/post"}],"author":[{"embeddable":true,"href":"https:\/\/blogdodanielgalvao.com.br\/site\/wp-json\/wp\/v2\/users\/2"}],"replies":[{"embeddable":true,"href":"https:\/\/blogdodanielgalvao.com.br\/site\/wp-json\/wp\/v2\/comments?post=22673"}],"version-history":[{"count":1,"href":"https:\/\/blogdodanielgalvao.com.br\/site\/wp-json\/wp\/v2\/posts\/22673\/revisions"}],"predecessor-version":[{"id":22676,"href":"https:\/\/blogdodanielgalvao.com.br\/site\/wp-json\/wp\/v2\/posts\/22673\/revisions\/22676"}],"wp:featuredmedia":[{"embeddable":true,"href":"https:\/\/blogdodanielgalvao.com.br\/site\/wp-json\/wp\/v2\/media\/22674"}],"wp:attachment":[{"href":"https:\/\/blogdodanielgalvao.com.br\/site\/wp-json\/wp\/v2\/media?parent=22673"}],"wp:term":[{"taxonomy":"category","embeddable":true,"href":"https:\/\/blogdodanielgalvao.com.br\/site\/wp-json\/wp\/v2\/categories?post=22673"},{"taxonomy":"post_tag","embeddable":true,"href":"https:\/\/blogdodanielgalvao.com.br\/site\/wp-json\/wp\/v2\/tags?post=22673"}],"curies":[{"name":"wp","href":"https:\/\/api.w.org\/{rel}","templated":true}]}}