{"id":22670,"date":"2025-08-22T15:45:55","date_gmt":"2025-08-22T18:45:55","guid":{"rendered":"https:\/\/blogdodanielgalvao.com.br\/site\/?p=22670"},"modified":"2025-08-22T15:45:55","modified_gmt":"2025-08-22T18:45:55","slug":"evento-de-cabo-frio-valoriza-saberes-e-artesanato-do-povo-huni-kuin","status":"publish","type":"post","link":"https:\/\/blogdodanielgalvao.com.br\/site\/evento-de-cabo-frio-valoriza-saberes-e-artesanato-do-povo-huni-kuin\/","title":{"rendered":"Evento de Cabo Frio valoriza saberes e artesanato do povo Huni Kuin"},"content":{"rendered":"<p>A Prefeitura de Cabo Frio realiza, no dia 22 de agosto de 2025, a Roda de Saberes Ancestrais, um encontro dedicado \u00e0 valoriza\u00e7\u00e3o da cultura ind\u00edgena e \u00e0 transmiss\u00e3o dos conhecimentos tradicionais do povo Huni Kuin. O evento acontece no Museu de Arte Religiosa e Tradicional (MART), das 14h \u00e0s 17h.<\/p>\n<p>A atividade contar\u00e1 com a participa\u00e7\u00e3o de Ib\u00e3 Inu Bake, jovem lideran\u00e7a ind\u00edgena do Alto Rio Jord\u00e3o, na Amaz\u00f4nia. Junto de sua fam\u00edlia, Ib\u00e3 compartilhar\u00e1 cantos, hist\u00f3rias, dan\u00e7as e a sabedoria da floresta, oferecendo ao p\u00fablico uma viv\u00eancia direta com os saberes ancestrais.<\/p>\n<p>A programa\u00e7\u00e3o inclui a exibi\u00e7\u00e3o do curta \u201cRoda de Saberes\u201d, conta\u00e7\u00e3o de hist\u00f3rias, apresenta\u00e7\u00f5es de cantos e dan\u00e7as tradicionais, al\u00e9m de uma mostra de artesanato produzido pelas mulheres da Aldeia Sama\u00fama Rosa Branca.<\/p>\n<p>O objetivo do encontro \u00e9 aproximar a popula\u00e7\u00e3o da riqueza cultural do povo Huni Kuin, promovendo o respeito, a valoriza\u00e7\u00e3o e a preserva\u00e7\u00e3o da diversidade dos povos origin\u00e1rios do Brasil.<\/p>\n<p>&nbsp;<\/p>\n<p>Servi\u00e7o:<\/p>\n<p>Data: 22 de agosto de 2025<\/p>\n<p>Local: Museu de Arte Religiosa e Tradicional (MART)<\/p>\n<p>Hor\u00e1rio:\u00a014h\u00a0\u00e0s\u00a017h<\/p>\n","protected":false},"excerpt":{"rendered":"<p>A Prefeitura de Cabo Frio realiza, no dia 22 de agosto de 2025, a Roda de Saberes Ancestrais, um encontro dedicado \u00e0 valoriza\u00e7\u00e3o da cultura ind\u00edgena e \u00e0 transmiss\u00e3o dos conhecimentos tradicionais do povo Huni Kuin. O evento acontece no Museu de Arte Religiosa e Tradicional (MART), das 14h \u00e0s 17h. A atividade contar\u00e1 com [&hellip;]<\/p>\n","protected":false},"author":2,"featured_media":22671,"comment_status":"open","ping_status":"open","sticky":true,"template":"","format":"standard","meta":{"footnotes":""},"categories":[340],"tags":[1896],"class_list":["post-22670","post","type-post","status-publish","format-standard","has-post-thumbnail","hentry","category-cabo-frio","tag-destaque"],"_links":{"self":[{"href":"https:\/\/blogdodanielgalvao.com.br\/site\/wp-json\/wp\/v2\/posts\/22670","targetHints":{"allow":["GET"]}}],"collection":[{"href":"https:\/\/blogdodanielgalvao.com.br\/site\/wp-json\/wp\/v2\/posts"}],"about":[{"href":"https:\/\/blogdodanielgalvao.com.br\/site\/wp-json\/wp\/v2\/types\/post"}],"author":[{"embeddable":true,"href":"https:\/\/blogdodanielgalvao.com.br\/site\/wp-json\/wp\/v2\/users\/2"}],"replies":[{"embeddable":true,"href":"https:\/\/blogdodanielgalvao.com.br\/site\/wp-json\/wp\/v2\/comments?post=22670"}],"version-history":[{"count":1,"href":"https:\/\/blogdodanielgalvao.com.br\/site\/wp-json\/wp\/v2\/posts\/22670\/revisions"}],"predecessor-version":[{"id":22672,"href":"https:\/\/blogdodanielgalvao.com.br\/site\/wp-json\/wp\/v2\/posts\/22670\/revisions\/22672"}],"wp:featuredmedia":[{"embeddable":true,"href":"https:\/\/blogdodanielgalvao.com.br\/site\/wp-json\/wp\/v2\/media\/22671"}],"wp:attachment":[{"href":"https:\/\/blogdodanielgalvao.com.br\/site\/wp-json\/wp\/v2\/media?parent=22670"}],"wp:term":[{"taxonomy":"category","embeddable":true,"href":"https:\/\/blogdodanielgalvao.com.br\/site\/wp-json\/wp\/v2\/categories?post=22670"},{"taxonomy":"post_tag","embeddable":true,"href":"https:\/\/blogdodanielgalvao.com.br\/site\/wp-json\/wp\/v2\/tags?post=22670"}],"curies":[{"name":"wp","href":"https:\/\/api.w.org\/{rel}","templated":true}]}}