{"id":22664,"date":"2025-08-22T15:01:21","date_gmt":"2025-08-22T18:01:21","guid":{"rendered":"https:\/\/blogdodanielgalvao.com.br\/site\/?p=22664"},"modified":"2025-08-22T15:01:21","modified_gmt":"2025-08-22T18:01:21","slug":"macae-integra-grupo-de-5-cidades-fluminenses-a-receber-clinica-odontologica-movel","status":"publish","type":"post","link":"https:\/\/blogdodanielgalvao.com.br\/site\/macae-integra-grupo-de-5-cidades-fluminenses-a-receber-clinica-odontologica-movel\/","title":{"rendered":"Maca\u00e9 integra grupo de 5 cidades fluminenses a receber cl\u00ednica odontol\u00f3gica m\u00f3vel"},"content":{"rendered":"<p>Maca\u00e9 foi uma das 5 cidades do estado do Rio de Janeiro escolhidas para receber uma unidade m\u00f3vel odontol\u00f3gica. A doa\u00e7\u00e3o veio do Minist\u00e9rio da Sa\u00fade, por meio do novo Programa de Acelera\u00e7\u00e3o do Crescimento (PAC Sa\u00fade). A informa\u00e7\u00e3o foi confirmada na \u00faltima quinta-feira (21), durante a cerim\u00f4nia de entrega realizada em Sorocaba (SP).<\/p>\n<p>A unidade m\u00f3vel faz parte de uma a\u00e7\u00e3o estrat\u00e9gia do Brasil Sorridente, programa p\u00fablico de sa\u00fade. Ao todo, 45 unidades ser\u00e3o doadas para a regi\u00e3o sudeste, o que representa um investimento de R$ 17 milh\u00f5es. S\u00f3 que aqui no estado do Rio ser\u00e3o apenas cinco unidades. Al\u00e9m de Maca\u00e9, Belford Roxo, Itaperuna, Japeri e S\u00e3o Francisco de Itabapoana foram escolhidas.<\/p>\n<p>A escolha se deu por meio de crit\u00e9rios como: quest\u00e3o socioecon\u00f4mica, extens\u00e3o territorial e proporcionalidade regional. O objetivo era evitar a concentra\u00e7\u00e3o de recursos e ampliar a cobertura em sa\u00fade bucal no Sistema \u00danico de Sa\u00fade (SUS) aos mais necessitados. Cerca de 1,4 milh\u00e3o de pessoas devem ser beneficiadas em todos os estados, com acesso gratuito \u00e0 sa\u00fade bucal. Vale destacar tamb\u00e9m que cada unidade tem o potencial de atender cerca de 3,5 mil pessoas.<\/p>\n<p>A solenidade de entrega contou com a presen\u00e7a do presidente Luiz In\u00e1cio Lula da Silva, acompanhado pelo Ministro da Sa\u00fade, Alexandre Padilha, que entregaram 400 unidades odontol\u00f3gicas m\u00f3veis. Representaram Maca\u00e9, o Secret\u00e1rio de Sa\u00fade Dr Lucas Rodrigues, a Secret\u00e1ria de Aten\u00e7\u00e3o B\u00e1sica, Simone Salles e a coordenadora da Odontopediatria do munic\u00edpio, Carla Bittencourt. O objetivo da entrega \u00e9 levar sa\u00fade bucal para quem mais precisa, ampliando o acesso da popula\u00e7\u00e3o.<\/p>\n<p>Para o Secret\u00e1rio de Sa\u00fade, Dr Lucas \u201ca entrega da segunda unidade de odontom\u00f3vel refor\u00e7a o compromisso da nossa gest\u00e3o em ampliar o acesso \u00e0 sa\u00fade em todas as regi\u00f5es de Maca\u00e9. Esse investimento garante que o cuidado chegue a quem mais precisa, reduzindo desigualdades e aproximando os servi\u00e7os da popula\u00e7\u00e3o. \u00c9 mais um passo na constru\u00e7\u00e3o de uma sa\u00fade p\u00fablica eficiente&#8221;, salientou.<\/p>\n<p>Com investimento de R$ 152 milh\u00f5es do Novo PAC Sa\u00fade, os novos ve\u00edculos v\u00e3o beneficiar pessoas em todos os estados. A entrega marca a retomada, ap\u00f3s 10 anos, de uma a\u00e7\u00e3o estrat\u00e9gica do Brasil Sorridente, que garante acesso \u00e0 sa\u00fade bucal em regi\u00f5es rurais, remotas e de dif\u00edcil acesso.<\/p>\n<p>A unidade \u00e9 equipada com cadeira odontol\u00f3gica completa, aparelho de raio-x, ar-condicionado, frigobar, exaustor, gerador de energia, canetas de alta e baixa rota\u00e7\u00e3o, fotopolimerizador, entre outros equipamentos essenciais para garantir a qualidade do atendimento odontol\u00f3gico. Componente m\u00f3vel do Brasil Sorridente, a unidade m\u00f3vel \u00e9 uma extens\u00e3o da Unidade B\u00e1sica de Sa\u00fade. Os ve\u00edculos contar\u00e3o com a atua\u00e7\u00e3o de equipes compostas por cirurgi\u00e3o-dentista e auxiliar e\/ou t\u00e9cnico em sa\u00fade bucal, habilitadas pelo Minist\u00e9rio da Sa\u00fade.<\/p>\n","protected":false},"excerpt":{"rendered":"<p>Maca\u00e9 foi uma das 5 cidades do estado do Rio de Janeiro escolhidas para receber uma unidade m\u00f3vel odontol\u00f3gica. A doa\u00e7\u00e3o veio do Minist\u00e9rio da Sa\u00fade, por meio do novo Programa de Acelera\u00e7\u00e3o do Crescimento (PAC Sa\u00fade). A informa\u00e7\u00e3o foi confirmada na \u00faltima quinta-feira (21), durante a cerim\u00f4nia de entrega realizada em Sorocaba (SP). A [&hellip;]<\/p>\n","protected":false},"author":2,"featured_media":22666,"comment_status":"open","ping_status":"open","sticky":true,"template":"","format":"standard","meta":{"footnotes":""},"categories":[2113],"tags":[],"class_list":["post-22664","post","type-post","status-publish","format-standard","has-post-thumbnail","hentry","category-saude"],"_links":{"self":[{"href":"https:\/\/blogdodanielgalvao.com.br\/site\/wp-json\/wp\/v2\/posts\/22664","targetHints":{"allow":["GET"]}}],"collection":[{"href":"https:\/\/blogdodanielgalvao.com.br\/site\/wp-json\/wp\/v2\/posts"}],"about":[{"href":"https:\/\/blogdodanielgalvao.com.br\/site\/wp-json\/wp\/v2\/types\/post"}],"author":[{"embeddable":true,"href":"https:\/\/blogdodanielgalvao.com.br\/site\/wp-json\/wp\/v2\/users\/2"}],"replies":[{"embeddable":true,"href":"https:\/\/blogdodanielgalvao.com.br\/site\/wp-json\/wp\/v2\/comments?post=22664"}],"version-history":[{"count":1,"href":"https:\/\/blogdodanielgalvao.com.br\/site\/wp-json\/wp\/v2\/posts\/22664\/revisions"}],"predecessor-version":[{"id":22668,"href":"https:\/\/blogdodanielgalvao.com.br\/site\/wp-json\/wp\/v2\/posts\/22664\/revisions\/22668"}],"wp:featuredmedia":[{"embeddable":true,"href":"https:\/\/blogdodanielgalvao.com.br\/site\/wp-json\/wp\/v2\/media\/22666"}],"wp:attachment":[{"href":"https:\/\/blogdodanielgalvao.com.br\/site\/wp-json\/wp\/v2\/media?parent=22664"}],"wp:term":[{"taxonomy":"category","embeddable":true,"href":"https:\/\/blogdodanielgalvao.com.br\/site\/wp-json\/wp\/v2\/categories?post=22664"},{"taxonomy":"post_tag","embeddable":true,"href":"https:\/\/blogdodanielgalvao.com.br\/site\/wp-json\/wp\/v2\/tags?post=22664"}],"curies":[{"name":"wp","href":"https:\/\/api.w.org\/{rel}","templated":true}]}}