{"id":22635,"date":"2025-08-21T17:16:32","date_gmt":"2025-08-21T20:16:32","guid":{"rendered":"https:\/\/blogdodanielgalvao.com.br\/site\/?p=22635"},"modified":"2025-08-21T17:16:32","modified_gmt":"2025-08-21T20:16:32","slug":"iniciativa-de-cabo-frio-reune-publico-diverso-e-fortalece-o-cenario-cultural-da-cidade","status":"publish","type":"post","link":"https:\/\/blogdodanielgalvao.com.br\/site\/iniciativa-de-cabo-frio-reune-publico-diverso-e-fortalece-o-cenario-cultural-da-cidade\/","title":{"rendered":"Iniciativa de Cabo Frio re\u00fane p\u00fablico diverso e fortalece o cen\u00e1rio cultural da cidade"},"content":{"rendered":"<p>A Biblioteca P\u00fablica Municipal Professor Walter Nogueira, em Cabo Frio, se tornou ponto de encontro para quem ama literatura. Todas as quartas-feiras, das 16h30 \u00e0s 18h, o espa\u00e7o recebe o Clube do Livro, atividade gratuita que promove a leitura, a troca de ideias e aproxima\u00e7\u00e3o entre leitores e escritores.<\/p>\n<p>A iniciativa \u00e9 resultado de uma parceria entre a Academia de Letras e Artes de Cabo Frio (ALACAF) e a Secretaria Municipal de Cultura. A media\u00e7\u00e3o dos encontros fica por conta do professor Vin\u00edcius Grij\u00f3, que conduz conversas sobre autores, estilos, obras e temas variados.<\/p>\n<p>Aberto a pessoas de todas as idades, o Clube do Livro realiza debates, apresenta\u00e7\u00f5es e, com frequ\u00eancia, recebe convidados especiais, entre eles escritores da cidade e da regi\u00e3o, fortalecendo a cena cultural local.<\/p>\n<p>Para a escritora e presidente da ALACAF, Jaqueline Brum, a proposta \u00e9 \u201ctransformar a biblioteca em um espa\u00e7o vivo, onde a leitura seja compartilhada e inspiradora\u201d.<\/p>\n<p>O secret\u00e1rio municipal de Cultura, Carlos Ernesto Lopes, tamb\u00e9m destacou a import\u00e2ncia da iniciativa: \u201cEste projeto faz parte das a\u00e7\u00f5es permanentes de incentivo \u00e0 literatura e ao uso dos espa\u00e7os p\u00fablicos culturais para fomentar o conhecimento\u201d.<\/p>\n<p>N\u00e3o \u00e9 necess\u00e1rio fazer inscri\u00e7\u00e3o para participar. Basta comparecer no hor\u00e1rio e se deixar levar pelas hist\u00f3rias e conversas que preenchem a biblioteca a cada encontro.<\/p>\n<p>&nbsp;<\/p>\n<p>Fotos: Wislei\u00a0Rabello\/SECOM<\/p>\n","protected":false},"excerpt":{"rendered":"<p>A Biblioteca P\u00fablica Municipal Professor Walter Nogueira, em Cabo Frio, se tornou ponto de encontro para quem ama literatura. Todas as quartas-feiras, das 16h30 \u00e0s 18h, o espa\u00e7o recebe o Clube do Livro, atividade gratuita que promove a leitura, a troca de ideias e aproxima\u00e7\u00e3o entre leitores e escritores. A iniciativa \u00e9 resultado de uma [&hellip;]<\/p>\n","protected":false},"author":2,"featured_media":22636,"comment_status":"open","ping_status":"open","sticky":true,"template":"","format":"standard","meta":{"footnotes":""},"categories":[340],"tags":[1896],"class_list":["post-22635","post","type-post","status-publish","format-standard","has-post-thumbnail","hentry","category-cabo-frio","tag-destaque"],"_links":{"self":[{"href":"https:\/\/blogdodanielgalvao.com.br\/site\/wp-json\/wp\/v2\/posts\/22635","targetHints":{"allow":["GET"]}}],"collection":[{"href":"https:\/\/blogdodanielgalvao.com.br\/site\/wp-json\/wp\/v2\/posts"}],"about":[{"href":"https:\/\/blogdodanielgalvao.com.br\/site\/wp-json\/wp\/v2\/types\/post"}],"author":[{"embeddable":true,"href":"https:\/\/blogdodanielgalvao.com.br\/site\/wp-json\/wp\/v2\/users\/2"}],"replies":[{"embeddable":true,"href":"https:\/\/blogdodanielgalvao.com.br\/site\/wp-json\/wp\/v2\/comments?post=22635"}],"version-history":[{"count":1,"href":"https:\/\/blogdodanielgalvao.com.br\/site\/wp-json\/wp\/v2\/posts\/22635\/revisions"}],"predecessor-version":[{"id":22637,"href":"https:\/\/blogdodanielgalvao.com.br\/site\/wp-json\/wp\/v2\/posts\/22635\/revisions\/22637"}],"wp:featuredmedia":[{"embeddable":true,"href":"https:\/\/blogdodanielgalvao.com.br\/site\/wp-json\/wp\/v2\/media\/22636"}],"wp:attachment":[{"href":"https:\/\/blogdodanielgalvao.com.br\/site\/wp-json\/wp\/v2\/media?parent=22635"}],"wp:term":[{"taxonomy":"category","embeddable":true,"href":"https:\/\/blogdodanielgalvao.com.br\/site\/wp-json\/wp\/v2\/categories?post=22635"},{"taxonomy":"post_tag","embeddable":true,"href":"https:\/\/blogdodanielgalvao.com.br\/site\/wp-json\/wp\/v2\/tags?post=22635"}],"curies":[{"name":"wp","href":"https:\/\/api.w.org\/{rel}","templated":true}]}}