{"id":22631,"date":"2025-08-21T17:10:10","date_gmt":"2025-08-21T20:10:10","guid":{"rendered":"https:\/\/blogdodanielgalvao.com.br\/site\/?p=22631"},"modified":"2025-08-21T17:10:10","modified_gmt":"2025-08-21T20:10:10","slug":"prefeitura-de-cabo-frio-incentiva-guarda-consciente-com-programa-de-adocao-e-consultas-no-canil-municipal","status":"publish","type":"post","link":"https:\/\/blogdodanielgalvao.com.br\/site\/prefeitura-de-cabo-frio-incentiva-guarda-consciente-com-programa-de-adocao-e-consultas-no-canil-municipal\/","title":{"rendered":"Prefeitura de Cabo Frio incentiva guarda consciente com programa de ado\u00e7\u00e3o e consultas no Canil Municipal"},"content":{"rendered":"<p>O Canil Municipal de Cabo Frio desempenha papel central na prote\u00e7\u00e3o e acolhimento de animais em situa\u00e7\u00e3o de abandono. A unidade, sob gest\u00e3o da Secretaria de Agricultura e Pesca por meio da Superintend\u00eancia de Prote\u00e7\u00e3o Animal, oferece consultas veterin\u00e1rias gratuitas para tutores em vulnerabilidade social e mant\u00e9m um programa cont\u00ednuo de ado\u00e7\u00e3o respons\u00e1vel de c\u00e3es e gatos.<\/p>\n<p>Para garantir organiza\u00e7\u00e3o no atendimento e maior qualidade nos servi\u00e7os, o Canil adota a distribui\u00e7\u00e3o de senhas de segunda a sexta-feira, a partir das 9h. S\u00e3o entregues 15 senhas por dia, preferencialmente retiradas no per\u00edodo da manh\u00e3, o que assegura que cada animal receba aten\u00e7\u00e3o adequada. As consultas seguem at\u00e9 15h.<\/p>\n<p>Entre os procedimentos realizados est\u00e3o aplica\u00e7\u00e3o de soroterapia e medicamentos injet\u00e1veis, suturas, tratamento de abscessos, retirada de mi\u00edase, al\u00e9m de outros cuidados emergenciais. Para o atendimento, \u00e9 necess\u00e1rio apresentar comprovante de resid\u00eancia, j\u00e1 que os servi\u00e7os s\u00e3o voltados exclusivamente para animais do munic\u00edpio.<\/p>\n<p>A superintendente de Prote\u00e7\u00e3o Animal, m\u00e9dica veterin\u00e1ria Fenela Assed, destacou a import\u00e2ncia do trabalho: \u201cNosso compromisso \u00e9 oferecer um atendimento humanizado e t\u00e9cnico, respeitando o tempo de cada animal e garantindo tranquilidade aos tutores. Recomendamos que a popula\u00e7\u00e3o chegue cedo para retirar a senha e receber o melhor atendimento. Tamb\u00e9m incentivamos a ado\u00e7\u00e3o respons\u00e1vel, sempre com acompanhamento veterin\u00e1rio ap\u00f3s a chegada dos pets \u00e0s fam\u00edlias.\u201d<\/p>\n<p>No programa de ado\u00e7\u00e3o, c\u00e3es e gatos de diferentes perfis \u2014 filhotes, adultos e idosos, de portes variados \u2014 s\u00e3o disponibilizados para novos lares. Antes da ado\u00e7\u00e3o, todos passam por avalia\u00e7\u00e3o cl\u00ednica, vacina\u00e7\u00e3o inicial e cuidados necess\u00e1rios. O acompanhamento p\u00f3s-ado\u00e7\u00e3o garante adapta\u00e7\u00e3o e bem-estar dos animais.<\/p>\n<p>Al\u00e9m disso, o Canil promove feiras de ado\u00e7\u00e3o em v\u00e1rios pontos da cidade, aproximando animais e fam\u00edlias interessadas. Para adotar, \u00e9 necess\u00e1rio ser maior de 18 anos e apresentar documento de identidade e comprovante de resid\u00eancia.<\/p>\n<p>Atualmente, a unidade conta com tr\u00eas m\u00e9dicos veterin\u00e1rios em regime de escala, auxiliares e equipe de apoio. Com a\u00e7\u00f5es que unem preven\u00e7\u00e3o, acolhimento e conscientiza\u00e7\u00e3o, o Canil Municipal de Cabo Frio refor\u00e7a seu compromisso com a sa\u00fade animal e com a guarda respons\u00e1vel.<\/p>\n<p>&nbsp;<\/p>\n<p>Servi\u00e7o:<\/p>\n<p>Local: Canil Municipal \u2013 Fazenda Campos Novos, Rodovia Amaral Peixoto, km 123 (Tamoios)<\/p>\n<p>Atendimento: segunda a sexta, das 9h \u00e0s 15h (15 senhas distribu\u00eddas pela manh\u00e3)<\/p>\n<p>Ado\u00e7\u00e3o: animais avaliados, vacinados e acompanhados p\u00f3s-ado\u00e7\u00e3o; necess\u00e1rio apresentar documenta\u00e7\u00e3o\u00a0m\u00ednima.<\/p>\n","protected":false},"excerpt":{"rendered":"<p>O Canil Municipal de Cabo Frio desempenha papel central na prote\u00e7\u00e3o e acolhimento de animais em situa\u00e7\u00e3o de abandono. A unidade, sob gest\u00e3o da Secretaria de Agricultura e Pesca por meio da Superintend\u00eancia de Prote\u00e7\u00e3o Animal, oferece consultas veterin\u00e1rias gratuitas para tutores em vulnerabilidade social e mant\u00e9m um programa cont\u00ednuo de ado\u00e7\u00e3o respons\u00e1vel de c\u00e3es [&hellip;]<\/p>\n","protected":false},"author":2,"featured_media":22632,"comment_status":"open","ping_status":"open","sticky":true,"template":"","format":"standard","meta":{"footnotes":""},"categories":[340],"tags":[1896],"class_list":["post-22631","post","type-post","status-publish","format-standard","has-post-thumbnail","hentry","category-cabo-frio","tag-destaque"],"_links":{"self":[{"href":"https:\/\/blogdodanielgalvao.com.br\/site\/wp-json\/wp\/v2\/posts\/22631","targetHints":{"allow":["GET"]}}],"collection":[{"href":"https:\/\/blogdodanielgalvao.com.br\/site\/wp-json\/wp\/v2\/posts"}],"about":[{"href":"https:\/\/blogdodanielgalvao.com.br\/site\/wp-json\/wp\/v2\/types\/post"}],"author":[{"embeddable":true,"href":"https:\/\/blogdodanielgalvao.com.br\/site\/wp-json\/wp\/v2\/users\/2"}],"replies":[{"embeddable":true,"href":"https:\/\/blogdodanielgalvao.com.br\/site\/wp-json\/wp\/v2\/comments?post=22631"}],"version-history":[{"count":1,"href":"https:\/\/blogdodanielgalvao.com.br\/site\/wp-json\/wp\/v2\/posts\/22631\/revisions"}],"predecessor-version":[{"id":22633,"href":"https:\/\/blogdodanielgalvao.com.br\/site\/wp-json\/wp\/v2\/posts\/22631\/revisions\/22633"}],"wp:featuredmedia":[{"embeddable":true,"href":"https:\/\/blogdodanielgalvao.com.br\/site\/wp-json\/wp\/v2\/media\/22632"}],"wp:attachment":[{"href":"https:\/\/blogdodanielgalvao.com.br\/site\/wp-json\/wp\/v2\/media?parent=22631"}],"wp:term":[{"taxonomy":"category","embeddable":true,"href":"https:\/\/blogdodanielgalvao.com.br\/site\/wp-json\/wp\/v2\/categories?post=22631"},{"taxonomy":"post_tag","embeddable":true,"href":"https:\/\/blogdodanielgalvao.com.br\/site\/wp-json\/wp\/v2\/tags?post=22631"}],"curies":[{"name":"wp","href":"https:\/\/api.w.org\/{rel}","templated":true}]}}