{"id":22628,"date":"2025-08-21T17:05:49","date_gmt":"2025-08-21T20:05:49","guid":{"rendered":"https:\/\/blogdodanielgalvao.com.br\/site\/?p=22628"},"modified":"2025-08-21T17:05:49","modified_gmt":"2025-08-21T20:05:49","slug":"mercado-do-peixe-de-cabo-frio-recebe-nova-dedetizacao-e-medidas-de-higiene","status":"publish","type":"post","link":"https:\/\/blogdodanielgalvao.com.br\/site\/mercado-do-peixe-de-cabo-frio-recebe-nova-dedetizacao-e-medidas-de-higiene\/","title":{"rendered":"Mercado do Peixe de Cabo Frio recebe nova dedetiza\u00e7\u00e3o e medidas de higiene"},"content":{"rendered":"<p>O Mercado do Peixe de Cabo Frio passou nesta quarta-feira (20) por mais uma etapa do processo de dedetiza\u00e7\u00e3o realizado pela Prefeitura. A iniciativa \u00e9 fruto de uma a\u00e7\u00e3o conjunta entre as secretarias de Agricultura e Pesca e de Sa\u00fade, dentro de um pacote de medidas voltadas para melhorar a organiza\u00e7\u00e3o, manter a higiene e assegurar a seguran\u00e7a alimentar no local.<\/p>\n<p>Al\u00e9m da dedetiza\u00e7\u00e3o, o cronograma inclui a limpeza regular do espa\u00e7o e a orienta\u00e7\u00e3o aos permission\u00e1rios sobre boas pr\u00e1ticas no manuseio do pescado. O objetivo \u00e9 oferecer um ambiente adequado e organizado para comerciantes, fornecedores, consumidores e todos que circulam no espa\u00e7o.<\/p>\n<p>Entre as a\u00e7\u00f5es recentes est\u00e3o a reestrutura\u00e7\u00e3o do fluxo de ve\u00edculos e do estacionamento, com hor\u00e1rio definido para carga e descarga de peixes, das 3h \u00e0s 9h da manh\u00e3, al\u00e9m do refor\u00e7o da sinaliza\u00e7\u00e3o horizontal, instala\u00e7\u00e3o de placas e apoio da Secretaria de Mobilidade Urbana para orientar motoristas e evitar o uso irregular da \u00e1rea.<\/p>\n<p>O estacionamento tamb\u00e9m foi integrado ao sistema municipal de vagas rotativas, o Digipare Zona Azul Digital, que funciona 24 horas por dia. Pelo aplicativo, \u00e9 poss\u00edvel adquirir cr\u00e9ditos de maneira pr\u00e1tica, com gratuidade para moradores de Cabo Frio e tarifa diferenciada para visitantes.<\/p>\n<p>Outra frente importante tem sido a orienta\u00e7\u00e3o aos permission\u00e1rios quanto ao descarte correto dos res\u00edduos do pescado e da \u00e1gua utilizada na lavagem e manipula\u00e7\u00e3o, evitando odores desagrad\u00e1veis e garantindo melhores condi\u00e7\u00f5es sanit\u00e1rias.<\/p>\n<p>De acordo com o secret\u00e1rio municipal de Agricultura e Pesca, Wellington Escafura, as medidas refor\u00e7am o compromisso da gest\u00e3o com a sa\u00fade e com o setor pesqueiro:<\/p>\n<p>\u201cA dedetiza\u00e7\u00e3o peri\u00f3dica \u00e9 essencial para manter o Mercado do Peixe limpo, seguro e preparado para a comercializa\u00e7\u00e3o. Aliada \u00e0s a\u00e7\u00f5es de organiza\u00e7\u00e3o e educa\u00e7\u00e3o sanit\u00e1ria, fortalece nosso compromisso com a sa\u00fade p\u00fablica e valoriza a pesca artesanal, garantindo tranquilidade aos consumidores e melhores condi\u00e7\u00f5es de trabalho aos permission\u00e1rios\u201d,\u00a0afirmou.<\/p>\n","protected":false},"excerpt":{"rendered":"<p>O Mercado do Peixe de Cabo Frio passou nesta quarta-feira (20) por mais uma etapa do processo de dedetiza\u00e7\u00e3o realizado pela Prefeitura. A iniciativa \u00e9 fruto de uma a\u00e7\u00e3o conjunta entre as secretarias de Agricultura e Pesca e de Sa\u00fade, dentro de um pacote de medidas voltadas para melhorar a organiza\u00e7\u00e3o, manter a higiene e [&hellip;]<\/p>\n","protected":false},"author":2,"featured_media":22629,"comment_status":"open","ping_status":"open","sticky":true,"template":"","format":"standard","meta":{"footnotes":""},"categories":[340],"tags":[1896],"class_list":["post-22628","post","type-post","status-publish","format-standard","has-post-thumbnail","hentry","category-cabo-frio","tag-destaque"],"_links":{"self":[{"href":"https:\/\/blogdodanielgalvao.com.br\/site\/wp-json\/wp\/v2\/posts\/22628","targetHints":{"allow":["GET"]}}],"collection":[{"href":"https:\/\/blogdodanielgalvao.com.br\/site\/wp-json\/wp\/v2\/posts"}],"about":[{"href":"https:\/\/blogdodanielgalvao.com.br\/site\/wp-json\/wp\/v2\/types\/post"}],"author":[{"embeddable":true,"href":"https:\/\/blogdodanielgalvao.com.br\/site\/wp-json\/wp\/v2\/users\/2"}],"replies":[{"embeddable":true,"href":"https:\/\/blogdodanielgalvao.com.br\/site\/wp-json\/wp\/v2\/comments?post=22628"}],"version-history":[{"count":1,"href":"https:\/\/blogdodanielgalvao.com.br\/site\/wp-json\/wp\/v2\/posts\/22628\/revisions"}],"predecessor-version":[{"id":22630,"href":"https:\/\/blogdodanielgalvao.com.br\/site\/wp-json\/wp\/v2\/posts\/22628\/revisions\/22630"}],"wp:featuredmedia":[{"embeddable":true,"href":"https:\/\/blogdodanielgalvao.com.br\/site\/wp-json\/wp\/v2\/media\/22629"}],"wp:attachment":[{"href":"https:\/\/blogdodanielgalvao.com.br\/site\/wp-json\/wp\/v2\/media?parent=22628"}],"wp:term":[{"taxonomy":"category","embeddable":true,"href":"https:\/\/blogdodanielgalvao.com.br\/site\/wp-json\/wp\/v2\/categories?post=22628"},{"taxonomy":"post_tag","embeddable":true,"href":"https:\/\/blogdodanielgalvao.com.br\/site\/wp-json\/wp\/v2\/tags?post=22628"}],"curies":[{"name":"wp","href":"https:\/\/api.w.org\/{rel}","templated":true}]}}