{"id":22620,"date":"2025-08-21T15:47:29","date_gmt":"2025-08-21T18:47:29","guid":{"rendered":"https:\/\/blogdodanielgalvao.com.br\/site\/?p=22620"},"modified":"2025-08-21T15:47:29","modified_gmt":"2025-08-21T18:47:29","slug":"macae-registra-reducao-historica-de-crimes-as-vesperas-de-nova-troca-no-32o-bpm","status":"publish","type":"post","link":"https:\/\/blogdodanielgalvao.com.br\/site\/macae-registra-reducao-historica-de-crimes-as-vesperas-de-nova-troca-no-32o-bpm\/","title":{"rendered":"Maca\u00e9 registra redu\u00e7\u00e3o hist\u00f3rica de crimes \u00e0s v\u00e9speras de nova troca no 32\u00ba BPM"},"content":{"rendered":"<p>Maca\u00e9 ir\u00e1 receber nesta sexta-feira (22), \u00e0s 11h, a troca de comando do 32\u00ba Batalh\u00e3o de Pol\u00edcia Militar (32\u00ba BPM). Na ocasi\u00e3o, o coronel Olavo Ot\u00e1vio Ramos encerrar\u00e1 sua gest\u00e3o tendo acumulado conquistas importantes na unidade, que \u00e9 respons\u00e1vel pelo policiamento em Maca\u00e9, Concei\u00e7\u00e3o de Macabu, Rio das Ostras, Casimiro de Abreu, Quissam\u00e3 e Carapebus. Ele ser\u00e1 substitu\u00eddo pelo coronel Marcelo Henrique Ferreira Guimar\u00e3es, que anteriormente estava \u00e0 frente do 26\u00ba BPM, em Petr\u00f3polis.<\/p>\n<p>Dentre as conquistas importantes registradas pelo coronel Olavo a frente do 32\u00ba BPM nos seus nove meses de gest\u00e3o est\u00e3o a queda expressiva de \u00edndices criminais em julho deste ano, a queda de 33,3% da letalidade violenta em rela\u00e7\u00e3o ao mesmo per\u00edodo do ano anterior. Soma-se a isso tamb\u00e9m o menor n\u00famero j\u00e1 registrado na s\u00e9rie hist\u00f3rica do batalh\u00e3o. No mesmo per\u00edodo, os roubos de ve\u00edculos e de rua recuaram 50%, consolidando o m\u00eas como um marco na redu\u00e7\u00e3o da criminalidade na regi\u00e3o.<\/p>\n<p>Os resultados tamb\u00e9m se mostram positivos no primeiro semestre, com a redu\u00e7\u00e3o de 21,7% na letalidade violenta; redu\u00e7\u00e3o de 16% nos roubos de ve\u00edculos e diminui\u00e7\u00e3o em 36,2% nos roubos de rua. Todos esses s\u00e3o considerados recordes para o per\u00edodo.<\/p>\n<p>Internamente, o coronel Olavo tamb\u00e9m se destacou pelo foco no aprimoramento administrativo e estrutural da unidade. Foram feitas reformas nas instala\u00e7\u00f5es, manuten\u00e7\u00e3o e renova\u00e7\u00e3o de ve\u00edculos, moderniza\u00e7\u00e3o de se\u00e7\u00f5es especializadas e progressos na \u00e1rea da sa\u00fade policial. Um dos projetos com maior impacto social foi a cria\u00e7\u00e3o do Programa de Cinoterapia, realizado em colabora\u00e7\u00e3o com o Batalh\u00e3o de A\u00e7\u00f5es com C\u00e3es (BAC) e a Faculdade Est\u00e1cio de S\u00e1, que come\u00e7ou a fornecer atendimento especializado e inclusivo a crian\u00e7as com Transtorno do Espectro Autista (TEA).<\/p>\n<p>\u201cO trabalho desenvolvido ao longo desses meses foi constru\u00eddo de forma coletiva. Cada resultado obtido reflete o empenho de oficiais e pra\u00e7as, que se dedicaram para garantir mais seguran\u00e7a \u00e0 popula\u00e7\u00e3o e dignidade \u00e0 tropa\u201d, afirmou Ramos.<\/p>\n<p>Trajet\u00f3ria<br \/>\nNatural do Rio de Janeiro e com 51 anos, o coronel ingressou na Pol\u00edcia Militar em 1995. Bacharel em Direito pela Universidade Castelo Branco, concluiu todos os cursos de forma\u00e7\u00e3o, aperfei\u00e7oamento e altos estudos da corpora\u00e7\u00e3o, incluindo o Curso Superior de Pol\u00edcia Militar (2017). Em tr\u00eas d\u00e9cadas de carreira, acumulou experi\u00eancia em diversas frentes estrat\u00e9gicas: foi comandante do Batalh\u00e3o de Policiamento em Vias Expressas (2019\u20132021), 36\u00ba BPM (2021), 41\u00ba BPM (2021\u20132022) e 20\u00ba BPM (2024). Exerceu ainda fun\u00e7\u00f5es de destaque como Chefe do Estado-Maior do Comando de Opera\u00e7\u00f5es Especiais (2024) e na Coordenadoria de Pol\u00edcia Pacificadora (2022\u20132023). Sua trajet\u00f3ria administrativa inclui passagens pelo 5\u00ba Comando de Policiamento de \u00c1rea e pelo Comando de Policiamento Especializado, al\u00e9m de fun\u00e7\u00f5es de chefia em unidades da Baixada, interior e capital. Foi agraciado com condecora\u00e7\u00f5es como as medalhas de 10 e 20 anos de servi\u00e7o, o Distintivo de Lealdade e Const\u00e2ncia e a Medalha da Ordem dos Cavaleiros Honor\u00e1rios.<\/p>\n<p>A partir de agora, Olavo Ramos assume como chefe do Estado-Maior do 5\u00ba Comando de Policiamento de \u00c1rea (5\u00ba CPA), ao lado do coronel Rog\u00e9rio Figueredo. O 5\u00ba CPA \u00e9 respons\u00e1vel pelos batalh\u00f5es de Angra dos Reis (33\u00ba BPM), Volta Redonda (28\u00ba BPM), Resende (37\u00ba BPM), Barra do Pira\u00ed (10\u00ba BPM) e pela 2\u00aa Companhia Independente de Paraty.<\/p>\n<p>Com os avan\u00e7os obtidos em sua gest\u00e3o, o 32\u00ba BPM encerra este ciclo com um legado de efici\u00eancia operacional, inova\u00e7\u00e3o em programas sociais e recordes hist\u00f3ricos nos indicadores criminais, consolidando-se como refer\u00eancia em seguran\u00e7a p\u00fablica no Estado do Rio de Janeiro.<\/p>\n","protected":false},"excerpt":{"rendered":"<p>Maca\u00e9 ir\u00e1 receber nesta sexta-feira (22), \u00e0s 11h, a troca de comando do 32\u00ba Batalh\u00e3o de Pol\u00edcia Militar (32\u00ba BPM). Na ocasi\u00e3o, o coronel Olavo Ot\u00e1vio Ramos encerrar\u00e1 sua gest\u00e3o tendo acumulado conquistas importantes na unidade, que \u00e9 respons\u00e1vel pelo policiamento em Maca\u00e9, Concei\u00e7\u00e3o de Macabu, Rio das Ostras, Casimiro de Abreu, Quissam\u00e3 e Carapebus. [&hellip;]<\/p>\n","protected":false},"author":2,"featured_media":22621,"comment_status":"open","ping_status":"open","sticky":true,"template":"","format":"standard","meta":{"footnotes":""},"categories":[1899],"tags":[2940],"class_list":["post-22620","post","type-post","status-publish","format-standard","has-post-thumbnail","hentry","category-policia","tag-a-troca-de-comando-do-32o-batalhao-de-policia-militar-32o-bpm-na-ocasiao"],"_links":{"self":[{"href":"https:\/\/blogdodanielgalvao.com.br\/site\/wp-json\/wp\/v2\/posts\/22620","targetHints":{"allow":["GET"]}}],"collection":[{"href":"https:\/\/blogdodanielgalvao.com.br\/site\/wp-json\/wp\/v2\/posts"}],"about":[{"href":"https:\/\/blogdodanielgalvao.com.br\/site\/wp-json\/wp\/v2\/types\/post"}],"author":[{"embeddable":true,"href":"https:\/\/blogdodanielgalvao.com.br\/site\/wp-json\/wp\/v2\/users\/2"}],"replies":[{"embeddable":true,"href":"https:\/\/blogdodanielgalvao.com.br\/site\/wp-json\/wp\/v2\/comments?post=22620"}],"version-history":[{"count":1,"href":"https:\/\/blogdodanielgalvao.com.br\/site\/wp-json\/wp\/v2\/posts\/22620\/revisions"}],"predecessor-version":[{"id":22622,"href":"https:\/\/blogdodanielgalvao.com.br\/site\/wp-json\/wp\/v2\/posts\/22620\/revisions\/22622"}],"wp:featuredmedia":[{"embeddable":true,"href":"https:\/\/blogdodanielgalvao.com.br\/site\/wp-json\/wp\/v2\/media\/22621"}],"wp:attachment":[{"href":"https:\/\/blogdodanielgalvao.com.br\/site\/wp-json\/wp\/v2\/media?parent=22620"}],"wp:term":[{"taxonomy":"category","embeddable":true,"href":"https:\/\/blogdodanielgalvao.com.br\/site\/wp-json\/wp\/v2\/categories?post=22620"},{"taxonomy":"post_tag","embeddable":true,"href":"https:\/\/blogdodanielgalvao.com.br\/site\/wp-json\/wp\/v2\/tags?post=22620"}],"curies":[{"name":"wp","href":"https:\/\/api.w.org\/{rel}","templated":true}]}}