{"id":22616,"date":"2025-08-21T15:09:30","date_gmt":"2025-08-21T18:09:30","guid":{"rendered":"https:\/\/blogdodanielgalvao.com.br\/site\/?p=22616"},"modified":"2025-08-21T15:09:30","modified_gmt":"2025-08-21T18:09:30","slug":"comerciante-ilegal-de-eletrodomesticos-furtados-e-preso-em-macae","status":"publish","type":"post","link":"https:\/\/blogdodanielgalvao.com.br\/site\/comerciante-ilegal-de-eletrodomesticos-furtados-e-preso-em-macae\/","title":{"rendered":"Comerciante ilegal de eletrodom\u00e9sticos furtados \u00e9 preso em Maca\u00e9"},"content":{"rendered":"<p>A Pol\u00edcia Civil de Maca\u00e9 prendeu na manh\u00e3 desta quarta-feira (20) um comerciante pelo crime de recepta\u00e7\u00e3o. Os agentes conduziram uma linha de investiga\u00e7\u00e3o, que possibilitou descobrir a localiza\u00e7\u00e3o de um estabelecimento que realizava a venda de objetos furtados.<\/p>\n<p>De acordo com a pol\u00edcia, parte dos objetivos eram oriundos de furtos recentes na regi\u00e3o serrana de Maca\u00e9. Os agentes ent\u00e3o foram at\u00e9 o local. Durante a abordagem, o homem se apresentou como dono e confirmou ter ci\u00eancia da origem il\u00edcita dos objetos.<\/p>\n<p>Diante dos fatos, ele foi conduzido para a 123\u00aa DP, onde foi autuado em flagrante pelo crime de recepta\u00e7\u00e3o.<\/p>\n","protected":false},"excerpt":{"rendered":"<p>A Pol\u00edcia Civil de Maca\u00e9 prendeu na manh\u00e3 desta quarta-feira (20) um comerciante pelo crime de recepta\u00e7\u00e3o. Os agentes conduziram uma linha de investiga\u00e7\u00e3o, que possibilitou descobrir a localiza\u00e7\u00e3o de um estabelecimento que realizava a venda de objetos furtados. De acordo com a pol\u00edcia, parte dos objetivos eram oriundos de furtos recentes na regi\u00e3o serrana [&hellip;]<\/p>\n","protected":false},"author":2,"featured_media":22617,"comment_status":"open","ping_status":"open","sticky":true,"template":"","format":"standard","meta":{"footnotes":""},"categories":[1899],"tags":[494],"class_list":["post-22616","post","type-post","status-publish","format-standard","has-post-thumbnail","hentry","category-policia","tag-policia"],"_links":{"self":[{"href":"https:\/\/blogdodanielgalvao.com.br\/site\/wp-json\/wp\/v2\/posts\/22616","targetHints":{"allow":["GET"]}}],"collection":[{"href":"https:\/\/blogdodanielgalvao.com.br\/site\/wp-json\/wp\/v2\/posts"}],"about":[{"href":"https:\/\/blogdodanielgalvao.com.br\/site\/wp-json\/wp\/v2\/types\/post"}],"author":[{"embeddable":true,"href":"https:\/\/blogdodanielgalvao.com.br\/site\/wp-json\/wp\/v2\/users\/2"}],"replies":[{"embeddable":true,"href":"https:\/\/blogdodanielgalvao.com.br\/site\/wp-json\/wp\/v2\/comments?post=22616"}],"version-history":[{"count":1,"href":"https:\/\/blogdodanielgalvao.com.br\/site\/wp-json\/wp\/v2\/posts\/22616\/revisions"}],"predecessor-version":[{"id":22618,"href":"https:\/\/blogdodanielgalvao.com.br\/site\/wp-json\/wp\/v2\/posts\/22616\/revisions\/22618"}],"wp:featuredmedia":[{"embeddable":true,"href":"https:\/\/blogdodanielgalvao.com.br\/site\/wp-json\/wp\/v2\/media\/22617"}],"wp:attachment":[{"href":"https:\/\/blogdodanielgalvao.com.br\/site\/wp-json\/wp\/v2\/media?parent=22616"}],"wp:term":[{"taxonomy":"category","embeddable":true,"href":"https:\/\/blogdodanielgalvao.com.br\/site\/wp-json\/wp\/v2\/categories?post=22616"},{"taxonomy":"post_tag","embeddable":true,"href":"https:\/\/blogdodanielgalvao.com.br\/site\/wp-json\/wp\/v2\/tags?post=22616"}],"curies":[{"name":"wp","href":"https:\/\/api.w.org\/{rel}","templated":true}]}}