{"id":22607,"date":"2025-08-21T14:18:39","date_gmt":"2025-08-21T17:18:39","guid":{"rendered":"https:\/\/blogdodanielgalvao.com.br\/site\/?p=22607"},"modified":"2025-08-21T14:18:39","modified_gmt":"2025-08-21T17:18:39","slug":"disputa-para-conhecer-samba-enredo-da-uniao-de-marica-em-2026-entra-na-reta-final","status":"publish","type":"post","link":"https:\/\/blogdodanielgalvao.com.br\/site\/disputa-para-conhecer-samba-enredo-da-uniao-de-marica-em-2026-entra-na-reta-final\/","title":{"rendered":"Disputa para conhecer samba-enredo da Uni\u00e3o de Maric\u00e1 em 2026 entra na reta final"},"content":{"rendered":"<p>A quadra da escola de samba Uni\u00e3o de Maric\u00e1 recebe, nessa sexta-feira, 22, a disputa das semifinais para a escolha do samba-enredo para o Carnaval 2026, quando a escola tenta conquistar o t\u00e3o sonhado acesso ao Grupo Especial.<\/p>\n<p>Na rodada da \u00faltima sexta-feira, 15, no barrac\u00e3o, 6 can\u00e7\u00f5es conquistaram vaga nas semifinais, seguindo na disputa para se tornarem o hino oficial do enredo \u201cBerenguend\u00e9ns e Balagand\u00e3ns\u201d, desenvolvido pelo carnavalesco Leandro Vieira.<\/p>\n<p>S\u00e3o elas o \u201cSamba 06\u201d, de Vinicius Santos e cia; o \u201cSamba 07\u201d, de Babby do Cavaco e cia; o \u201cSamba 08\u201d, de Pedro Cassa e cia; o \u201cSamba 09\u201d, de Rodrigo Vianna e cia; o \u201cSamba 10\u201d, de Will do Aconchego e cia; e o \u201cSamba 12\u201d, de Claudio Russo e cia.<\/p>\n<p>Com entrada aberta ao p\u00fablico, a disputa das semifinais, que promete animar a cidade, acontece a partir das 20h, na quadra da escola, que fica na Rodovia Amaral Peixoto (RJ-106), na altura do bairro Flamengo, em Maric\u00e1.<\/p>\n<p>Na chamada S\u00e9rie Ouro, o antigo Grupo de Acesso do Carnaval 2026, a Uni\u00e3o de Maric\u00e1 ser\u00e1 a 6\u00aa escola a desfilar, no dia 14 de fevereiro, na Marqu\u00eas de Sapuca\u00ed, em busca do t\u00edtulo que d\u00e1 acesso \u00e0 elite do Carnaval carioca em 2027.<\/p>\n","protected":false},"excerpt":{"rendered":"<p>A quadra da escola de samba Uni\u00e3o de Maric\u00e1 recebe, nessa sexta-feira, 22, a disputa das semifinais para a escolha do samba-enredo para o Carnaval 2026, quando a escola tenta conquistar o t\u00e3o sonhado acesso ao Grupo Especial. Na rodada da \u00faltima sexta-feira, 15, no barrac\u00e3o, 6 can\u00e7\u00f5es conquistaram vaga nas semifinais, seguindo na disputa [&hellip;]<\/p>\n","protected":false},"author":2,"featured_media":22609,"comment_status":"open","ping_status":"open","sticky":true,"template":"","format":"standard","meta":{"footnotes":""},"categories":[299],"tags":[1896],"class_list":["post-22607","post","type-post","status-publish","format-standard","has-post-thumbnail","hentry","category-marica","tag-destaque"],"_links":{"self":[{"href":"https:\/\/blogdodanielgalvao.com.br\/site\/wp-json\/wp\/v2\/posts\/22607","targetHints":{"allow":["GET"]}}],"collection":[{"href":"https:\/\/blogdodanielgalvao.com.br\/site\/wp-json\/wp\/v2\/posts"}],"about":[{"href":"https:\/\/blogdodanielgalvao.com.br\/site\/wp-json\/wp\/v2\/types\/post"}],"author":[{"embeddable":true,"href":"https:\/\/blogdodanielgalvao.com.br\/site\/wp-json\/wp\/v2\/users\/2"}],"replies":[{"embeddable":true,"href":"https:\/\/blogdodanielgalvao.com.br\/site\/wp-json\/wp\/v2\/comments?post=22607"}],"version-history":[{"count":1,"href":"https:\/\/blogdodanielgalvao.com.br\/site\/wp-json\/wp\/v2\/posts\/22607\/revisions"}],"predecessor-version":[{"id":22610,"href":"https:\/\/blogdodanielgalvao.com.br\/site\/wp-json\/wp\/v2\/posts\/22607\/revisions\/22610"}],"wp:featuredmedia":[{"embeddable":true,"href":"https:\/\/blogdodanielgalvao.com.br\/site\/wp-json\/wp\/v2\/media\/22609"}],"wp:attachment":[{"href":"https:\/\/blogdodanielgalvao.com.br\/site\/wp-json\/wp\/v2\/media?parent=22607"}],"wp:term":[{"taxonomy":"category","embeddable":true,"href":"https:\/\/blogdodanielgalvao.com.br\/site\/wp-json\/wp\/v2\/categories?post=22607"},{"taxonomy":"post_tag","embeddable":true,"href":"https:\/\/blogdodanielgalvao.com.br\/site\/wp-json\/wp\/v2\/tags?post=22607"}],"curies":[{"name":"wp","href":"https:\/\/api.w.org\/{rel}","templated":true}]}}