{"id":22604,"date":"2025-08-21T14:12:32","date_gmt":"2025-08-21T17:12:32","guid":{"rendered":"https:\/\/blogdodanielgalvao.com.br\/site\/?p=22604"},"modified":"2025-08-21T14:12:32","modified_gmt":"2025-08-21T17:12:32","slug":"projeto-cras-itinerante-oferece-atendimentos-e-oficinas-em-arraial-do-cabo-bairro-sabia","status":"publish","type":"post","link":"https:\/\/blogdodanielgalvao.com.br\/site\/projeto-cras-itinerante-oferece-atendimentos-e-oficinas-em-arraial-do-cabo-bairro-sabia\/","title":{"rendered":"Projeto CRAS Itinerante oferece atendimentos e oficinas em Arraial do Cabo, bairro Sabi\u00e1"},"content":{"rendered":"<p>A Prefeitura de Arraial do Cabo, por meio da Secretaria de Desenvolvimento Social, Trabalho, Renda e Direitos Humanos, realiza nesta sexta-feira (22\/08) mais uma edi\u00e7\u00e3o do projeto CRAS Itinerante.<\/p>\n<p>Nesta oportunidade, a equipe do CRAS Jos\u00e9 Henrique da Silva estar\u00e1 no bairro Sabi\u00e1, distrito de Figueira, oferecendo diversos atendimentos e orienta\u00e7\u00f5es \u00e0 popula\u00e7\u00e3o. A a\u00e7\u00e3o acontecer\u00e1 na unidade da Estrat\u00e9gia Sa\u00fade da Fam\u00edlia (ESF) Sabi\u00e1, localizada na Avenida Beija Flor, das 9h \u00e0s 16h.<\/p>\n<p>Os moradores ter\u00e3o \u00e0 disposi\u00e7\u00e3o uma ampla gama de servi\u00e7os, como:<\/p>\n<p>* Emiss\u00e3o de documentos civis b\u00e1sicos;<\/p>\n<p>* Informa\u00e7\u00f5es sobre programas sociais;<\/p>\n<p>* Inscri\u00e7\u00f5es para iniciativas de assist\u00eancia e no PROFESP;<\/p>\n<p>* Atividades de conviv\u00eancia e fortalecimento de v\u00ednculos;<\/p>\n<p>* Emiss\u00e3o do ID Jovem;<\/p>\n<p>* Orienta\u00e7\u00f5es sobre Trabalho e Renda;<\/p>\n<p>* Atualiza\u00e7\u00e3o e inclus\u00e3o no Cadastro \u00danico;<\/p>\n<p>* Oficina de Barbeiro com a Superintend\u00eancia da Juventude (das 9h \u00e0s 14h);<\/p>\n<p>* Atendimentos do Programa Crian\u00e7a Feliz;<\/p>\n<p>* Informa\u00e7\u00f5es sobre Transporte Universit\u00e1rio;<\/p>\n<p>* Programa Meu Transporte Salineira.<\/p>\n<p>&nbsp;<\/p>\n<p>O CRAS Itinerante tem como prop\u00f3sito aproximar os servi\u00e7os da Assist\u00eancia Social das comunidades, garantindo mais facilidade de acesso aos direitos e fortalecendo o cuidado com os moradores de diferentes regi\u00f5es\u00a0do\u00a0munic\u00edpio.<\/p>\n","protected":false},"excerpt":{"rendered":"<p>A Prefeitura de Arraial do Cabo, por meio da Secretaria de Desenvolvimento Social, Trabalho, Renda e Direitos Humanos, realiza nesta sexta-feira (22\/08) mais uma edi\u00e7\u00e3o do projeto CRAS Itinerante. Nesta oportunidade, a equipe do CRAS Jos\u00e9 Henrique da Silva estar\u00e1 no bairro Sabi\u00e1, distrito de Figueira, oferecendo diversos atendimentos e orienta\u00e7\u00f5es \u00e0 popula\u00e7\u00e3o. A a\u00e7\u00e3o [&hellip;]<\/p>\n","protected":false},"author":2,"featured_media":22605,"comment_status":"open","ping_status":"open","sticky":true,"template":"","format":"standard","meta":{"footnotes":""},"categories":[838],"tags":[1896],"class_list":["post-22604","post","type-post","status-publish","format-standard","has-post-thumbnail","hentry","category-arraial-do-cabo","tag-destaque"],"_links":{"self":[{"href":"https:\/\/blogdodanielgalvao.com.br\/site\/wp-json\/wp\/v2\/posts\/22604","targetHints":{"allow":["GET"]}}],"collection":[{"href":"https:\/\/blogdodanielgalvao.com.br\/site\/wp-json\/wp\/v2\/posts"}],"about":[{"href":"https:\/\/blogdodanielgalvao.com.br\/site\/wp-json\/wp\/v2\/types\/post"}],"author":[{"embeddable":true,"href":"https:\/\/blogdodanielgalvao.com.br\/site\/wp-json\/wp\/v2\/users\/2"}],"replies":[{"embeddable":true,"href":"https:\/\/blogdodanielgalvao.com.br\/site\/wp-json\/wp\/v2\/comments?post=22604"}],"version-history":[{"count":1,"href":"https:\/\/blogdodanielgalvao.com.br\/site\/wp-json\/wp\/v2\/posts\/22604\/revisions"}],"predecessor-version":[{"id":22606,"href":"https:\/\/blogdodanielgalvao.com.br\/site\/wp-json\/wp\/v2\/posts\/22604\/revisions\/22606"}],"wp:featuredmedia":[{"embeddable":true,"href":"https:\/\/blogdodanielgalvao.com.br\/site\/wp-json\/wp\/v2\/media\/22605"}],"wp:attachment":[{"href":"https:\/\/blogdodanielgalvao.com.br\/site\/wp-json\/wp\/v2\/media?parent=22604"}],"wp:term":[{"taxonomy":"category","embeddable":true,"href":"https:\/\/blogdodanielgalvao.com.br\/site\/wp-json\/wp\/v2\/categories?post=22604"},{"taxonomy":"post_tag","embeddable":true,"href":"https:\/\/blogdodanielgalvao.com.br\/site\/wp-json\/wp\/v2\/tags?post=22604"}],"curies":[{"name":"wp","href":"https:\/\/api.w.org\/{rel}","templated":true}]}}