{"id":22601,"date":"2025-08-21T14:03:48","date_gmt":"2025-08-21T17:03:48","guid":{"rendered":"https:\/\/blogdodanielgalvao.com.br\/site\/?p=22601"},"modified":"2025-08-21T14:03:48","modified_gmt":"2025-08-21T17:03:48","slug":"onibus-da-linha-araruama-x-sao-vicente-e-atacado-com-pedrada-nessa-terca-19","status":"publish","type":"post","link":"https:\/\/blogdodanielgalvao.com.br\/site\/onibus-da-linha-araruama-x-sao-vicente-e-atacado-com-pedrada-nessa-terca-19\/","title":{"rendered":"\u00d4nibus da linha Araruama x S\u00e3o Vicente \u00e9 atacado com pedrada nessa ter\u00e7a (19)"},"content":{"rendered":"<p>Um ataque a um \u00f4nibus do Grupo Salineira, que faz a Linha 201, no trajeto Araruama x S\u00e3o Vicente, assustou passageiros na noite dessa ter\u00e7a-feira, 19, quando uma pedra foi atirada contra o ve\u00edculo, quebrando uma das janelas.<\/p>\n<p>O incidente teria acontecido por volta das 20h20, quando o impacto de uma pedra atirada contra o \u00f4nibus quebrou uma das janelas do fundo do ve\u00edculo, quando este passava pela Rua Prefeito Jo\u00e3o Vasconcelos, no Centro.<\/p>\n<p>De acordo com testemunhas ouvidas pelo G1, apesar do susto, ningu\u00e9m ficou ferido, e as imagens do estrago acabaram registrada por um dos passageiros, que filmou a pedra e o buraco deixado na janela trincada do \u00f4nibus.<\/p>\n<p>Ainda segundo reportagem, todos os passageiros teriam chegado em seguran\u00e7a ao ponto final da linha, na Rodovi\u00e1ria de S\u00e3o Vicente, com o \u00f4nibus seguindo para per\u00edcia t\u00e9cnica da empresa, que registrou um boletim de ocorr\u00eancia na 118\u00aa Delegacia de Pol\u00edcia Civil (118\u00aa DP), de Araruama.<\/p>\n<p>O portal informou ainda que, devido aos danos, o ve\u00edculo precisou ser encaminhado para manuten\u00e7\u00e3o corretiva e permanecer\u00e1 fora de opera\u00e7\u00e3o at\u00e9 a conclus\u00e3o dos reparos, conforme teria revelado a Via\u00e7\u00e3o Montes Brancos, do Grupo Salineira, respons\u00e1vel pelo transporte intermunicipal de Araruama.<\/p>\n","protected":false},"excerpt":{"rendered":"<p>Um ataque a um \u00f4nibus do Grupo Salineira, que faz a Linha 201, no trajeto Araruama x S\u00e3o Vicente, assustou passageiros na noite dessa ter\u00e7a-feira, 19, quando uma pedra foi atirada contra o ve\u00edculo, quebrando uma das janelas. O incidente teria acontecido por volta das 20h20, quando o impacto de uma pedra atirada contra o [&hellip;]<\/p>\n","protected":false},"author":2,"featured_media":22602,"comment_status":"open","ping_status":"open","sticky":true,"template":"","format":"standard","meta":{"footnotes":""},"categories":[208],"tags":[1896],"class_list":["post-22601","post","type-post","status-publish","format-standard","has-post-thumbnail","hentry","category-araruama","tag-destaque"],"_links":{"self":[{"href":"https:\/\/blogdodanielgalvao.com.br\/site\/wp-json\/wp\/v2\/posts\/22601","targetHints":{"allow":["GET"]}}],"collection":[{"href":"https:\/\/blogdodanielgalvao.com.br\/site\/wp-json\/wp\/v2\/posts"}],"about":[{"href":"https:\/\/blogdodanielgalvao.com.br\/site\/wp-json\/wp\/v2\/types\/post"}],"author":[{"embeddable":true,"href":"https:\/\/blogdodanielgalvao.com.br\/site\/wp-json\/wp\/v2\/users\/2"}],"replies":[{"embeddable":true,"href":"https:\/\/blogdodanielgalvao.com.br\/site\/wp-json\/wp\/v2\/comments?post=22601"}],"version-history":[{"count":1,"href":"https:\/\/blogdodanielgalvao.com.br\/site\/wp-json\/wp\/v2\/posts\/22601\/revisions"}],"predecessor-version":[{"id":22603,"href":"https:\/\/blogdodanielgalvao.com.br\/site\/wp-json\/wp\/v2\/posts\/22601\/revisions\/22603"}],"wp:featuredmedia":[{"embeddable":true,"href":"https:\/\/blogdodanielgalvao.com.br\/site\/wp-json\/wp\/v2\/media\/22602"}],"wp:attachment":[{"href":"https:\/\/blogdodanielgalvao.com.br\/site\/wp-json\/wp\/v2\/media?parent=22601"}],"wp:term":[{"taxonomy":"category","embeddable":true,"href":"https:\/\/blogdodanielgalvao.com.br\/site\/wp-json\/wp\/v2\/categories?post=22601"},{"taxonomy":"post_tag","embeddable":true,"href":"https:\/\/blogdodanielgalvao.com.br\/site\/wp-json\/wp\/v2\/tags?post=22601"}],"curies":[{"name":"wp","href":"https:\/\/api.w.org\/{rel}","templated":true}]}}