{"id":22593,"date":"2025-08-21T13:04:14","date_gmt":"2025-08-21T16:04:14","guid":{"rendered":"https:\/\/blogdodanielgalvao.com.br\/site\/?p=22593"},"modified":"2025-08-21T13:04:14","modified_gmt":"2025-08-21T16:04:14","slug":"cultura-e-cidadania-em-foco-durante-visita-de-jovens-cabistas-a-capital","status":"publish","type":"post","link":"https:\/\/blogdodanielgalvao.com.br\/site\/cultura-e-cidadania-em-foco-durante-visita-de-jovens-cabistas-a-capital\/","title":{"rendered":"Cultura e cidadania em foco durante visita de jovens cabistas \u00e0 capital"},"content":{"rendered":"<p>A Guarda Mirim de Arraial do Cabo, atrav\u00e9s do Projeto Cidadania Mirim, participou nesta semana de uma atividade cultural e pedag\u00f3gica no Centro do Rio de Janeiro. Acompanhados pelos estudantes do 9\u00ba ano do CIEP 147, os jovens vivenciaram um roteiro que uniu hist\u00f3ria, mem\u00f3ria e diversidade cultural.<\/p>\n<p>A proposta da a\u00e7\u00e3o foi ampliar a compreens\u00e3o dos participantes sobre a forma\u00e7\u00e3o do Brasil, destacando o legado afro-brasileiro e incentivando o respeito \u00e0 pluralidade, princ\u00edpios centrais de cidadania.<\/p>\n<p>No trajeto, os cadetes visitaram locais de grande import\u00e2ncia, como o Cais do Valongo, a Pedra do Sal, a Casa da Tia Ciata e o Museu da Hist\u00f3ria e Cultura Afro-Brasileira (MUHCAB). O grupo tamb\u00e9m percorreu o Morro da Concei\u00e7\u00e3o e o Largo da Prainha, \u00e1reas que preservam patrim\u00f4nio hist\u00f3rico e concentram manifesta\u00e7\u00f5es culturais tradicionais do Rio.<\/p>\n<p>A iniciativa faz parte das a\u00e7\u00f5es do Projeto Cidadania Mirim, mantido pela Secretaria Municipal de Seguran\u00e7a P\u00fablica em colabora\u00e7\u00e3o com a Secretaria de Educa\u00e7\u00e3o. O programa est\u00e1 em funcionamento desde fevereiro deste ano no CIEP, fortalecendo a forma\u00e7\u00e3o dos jovens cabistas em valores de cidadania, disciplina e pertencimento\u00a0cultural.<\/p>\n","protected":false},"excerpt":{"rendered":"<p>A Guarda Mirim de Arraial do Cabo, atrav\u00e9s do Projeto Cidadania Mirim, participou nesta semana de uma atividade cultural e pedag\u00f3gica no Centro do Rio de Janeiro. Acompanhados pelos estudantes do 9\u00ba ano do CIEP 147, os jovens vivenciaram um roteiro que uniu hist\u00f3ria, mem\u00f3ria e diversidade cultural. A proposta da a\u00e7\u00e3o foi ampliar a [&hellip;]<\/p>\n","protected":false},"author":2,"featured_media":22594,"comment_status":"open","ping_status":"open","sticky":true,"template":"","format":"standard","meta":{"footnotes":""},"categories":[838],"tags":[1896],"class_list":["post-22593","post","type-post","status-publish","format-standard","has-post-thumbnail","hentry","category-arraial-do-cabo","tag-destaque"],"_links":{"self":[{"href":"https:\/\/blogdodanielgalvao.com.br\/site\/wp-json\/wp\/v2\/posts\/22593","targetHints":{"allow":["GET"]}}],"collection":[{"href":"https:\/\/blogdodanielgalvao.com.br\/site\/wp-json\/wp\/v2\/posts"}],"about":[{"href":"https:\/\/blogdodanielgalvao.com.br\/site\/wp-json\/wp\/v2\/types\/post"}],"author":[{"embeddable":true,"href":"https:\/\/blogdodanielgalvao.com.br\/site\/wp-json\/wp\/v2\/users\/2"}],"replies":[{"embeddable":true,"href":"https:\/\/blogdodanielgalvao.com.br\/site\/wp-json\/wp\/v2\/comments?post=22593"}],"version-history":[{"count":1,"href":"https:\/\/blogdodanielgalvao.com.br\/site\/wp-json\/wp\/v2\/posts\/22593\/revisions"}],"predecessor-version":[{"id":22595,"href":"https:\/\/blogdodanielgalvao.com.br\/site\/wp-json\/wp\/v2\/posts\/22593\/revisions\/22595"}],"wp:featuredmedia":[{"embeddable":true,"href":"https:\/\/blogdodanielgalvao.com.br\/site\/wp-json\/wp\/v2\/media\/22594"}],"wp:attachment":[{"href":"https:\/\/blogdodanielgalvao.com.br\/site\/wp-json\/wp\/v2\/media?parent=22593"}],"wp:term":[{"taxonomy":"category","embeddable":true,"href":"https:\/\/blogdodanielgalvao.com.br\/site\/wp-json\/wp\/v2\/categories?post=22593"},{"taxonomy":"post_tag","embeddable":true,"href":"https:\/\/blogdodanielgalvao.com.br\/site\/wp-json\/wp\/v2\/tags?post=22593"}],"curies":[{"name":"wp","href":"https:\/\/api.w.org\/{rel}","templated":true}]}}