{"id":22589,"date":"2025-08-21T12:58:28","date_gmt":"2025-08-21T15:58:28","guid":{"rendered":"https:\/\/blogdodanielgalvao.com.br\/site\/?p=22589"},"modified":"2025-08-21T12:58:28","modified_gmt":"2025-08-21T15:58:28","slug":"flora-buziana-ganha-registro-ampliado-e-acesso-publico-ao-acervo","status":"publish","type":"post","link":"https:\/\/blogdodanielgalvao.com.br\/site\/flora-buziana-ganha-registro-ampliado-e-acesso-publico-ao-acervo\/","title":{"rendered":"Flora buziana ganha registro ampliado e acesso p\u00fablico ao acervo"},"content":{"rendered":"<p>O Opportunity Fundo de Investimento Imobili\u00e1rio apresenta no pr\u00f3ximo dia 22 a segunda edi\u00e7\u00e3o do Cat\u00e1logo da Flora Buziana, publica\u00e7\u00e3o que re\u00fane informa\u00e7\u00f5es detalhadas sobre a vegeta\u00e7\u00e3o do munic\u00edpio de B\u00fazios. Organizado pela paisagista e mestre em conserva\u00e7\u00e3o Heloisa Ribeiro Dantas, especialista na flora local, o cat\u00e1logo agora descreve 47 esp\u00e9cies, quase o dobro da primeira edi\u00e7\u00e3o. Cada esp\u00e9cie \u00e9 apresentada com informa\u00e7\u00f5es sobre usos, locais de ocorr\u00eancia e imagens que auxiliam na identifica\u00e7\u00e3o. Entre as novidades est\u00e3o o Pau Brasil, brom\u00e9lias nativas e a Swartzia glazioviana, esp\u00e9cie anteriormente considerada end\u00eamica de Cabo Frio e hoje amea\u00e7ada de extin\u00e7\u00e3o.<\/p>\n<p>Desde 2005, Heloisa vem coletando dados, registrando esp\u00e9cies, realizando excurs\u00f5es com bot\u00e2nicos e montando um herb\u00e1rio, reunindo o m\u00e1ximo poss\u00edvel de informa\u00e7\u00f5es sobre a flora local. Com a cria\u00e7\u00e3o do Viveiro Aret\u00ea em 2017, a pesquisa foi retomada e o invent\u00e1rio expandido, alcan\u00e7ando \u00e1reas ainda pouco estudadas. O lan\u00e7amento da nova edi\u00e7\u00e3o tamb\u00e9m marca a inaugura\u00e7\u00e3o de um herb\u00e1rio aberto ao p\u00fablico, localizado no pr\u00f3prio Viveiro.<\/p>\n<p>O herb\u00e1rio abriga cerca de 250 amostras de \u00e1rvores, arbustos e trepadeiras, incluindo aproximadamente 150 mudas. Ele funciona como uma biblioteca viva, permitindo pesquisa, estudo e compara\u00e7\u00e3o das esp\u00e9cies nativas. \u00c9 poss\u00edvel observar uma pequena mostra da riqueza da vegeta\u00e7\u00e3o de B\u00fazios em um \u00fanico espa\u00e7o.<\/p>\n<p>\u201cComecei a montar este herb\u00e1rio h\u00e1 20 anos. Desde ent\u00e3o, venho coletando e preservando amostras de diversas esp\u00e9cies. Hoje disponibilizo esse acervo para o p\u00fablico. Nos \u00faltimos seis anos, com o apoio do Opportunity Fundo de Investimento Imobili\u00e1rio e a implanta\u00e7\u00e3o do Viveiro Aret\u00ea, o herb\u00e1rio cresceu e continuar\u00e1 se expandindo \u00e0 medida que nossas pesquisas avan\u00e7am. Al\u00e9m de ampliar o conhecimento sobre as esp\u00e9cies, nosso objetivo \u00e9 produzi-las no Viveiro. Paralelamente, estamos digitalizando todo o acervo, o que facilita futuras pesquisas\u201d, explica Heloisa, neta de Jos\u00e9 Bento Ribeiro Dantas, que d\u00e1 nome \u00e0 principal avenida de B\u00fazios. Ela tamb\u00e9m contribuiu para a primeira Secretaria de Meio Ambiente da cidade, mapeou \u00e1reas verdes p\u00fablicas e participou da cria\u00e7\u00e3o de leis para preserva\u00e7\u00e3o da flora local.<\/p>\n<p>No dia 22, a partir das 15h, o p\u00fablico poder\u00e1 visitar a \u201cbiblioteca\u201d vegetal e conferir a exposi\u00e7\u00e3o de frutos e sementes. Ser\u00e3o distribu\u00eddas mudas nativas e exemplares da nova edi\u00e7\u00e3o do cat\u00e1logo. A autora estar\u00e1 presente para falar sobre seu trabalho. O evento, gratuito, acontece na sede do Viveiro Aret\u00ea, Avenida Jos\u00e9 Bento Ribeiro Dantas, 8300, com inscri\u00e7\u00f5es pelo link <a href=\"https:\/\/forms.gle\/QyavFkBj5xN5hnB38\">https:\/\/forms.gle\/QyavFkBj5xN5hnB38<\/a>.<\/p>\n<p>O Viveiro Aret\u00ea, fundado em 2017, produz mudas nativas para projetos de recupera\u00e7\u00e3o florestal e paisagismo, ocupando 17 mil m\u00b2 e j\u00e1 tendo gerado cerca de 300 mil mudas. Atualmente, mais de 20 hectares est\u00e3o em reflorestamento com mais de 30 esp\u00e9cies nativas, incluindo algumas end\u00eamicas.<\/p>\n<p>No final de 2023, foi inaugurado o Bosque de Pau-Brasil na regi\u00e3o Ybir\u00e1, pr\u00f3ximo ao Clube Esportivo, com cerca de 150 mudas, das quais 40 s\u00e3o Paubrasilia echinata. O bosque tamb\u00e9m inclui Jequitib\u00e1-da-Praia, Jacarand\u00e1-de-Espinho e Ing\u00e1-da-Restinga. B\u00fazios \u00e9 um dos \u00faltimos lugares do mundo com remanescentes naturais de Pau Brasil.<\/p>\n<p>\u201cEsse projeto representa um passo importante na conserva\u00e7\u00e3o da biodiversidade local. O crescimento cont\u00ednuo do bosque reflete nosso compromisso com a preserva\u00e7\u00e3o ambiental\u201d, conclui Heloisa.<\/p>\n<p>O Viveiro Aret\u00ea est\u00e1 aberto \u00e0 visita\u00e7\u00e3o desde 2022. Mais informa\u00e7\u00f5es e agendamento de visitas podem ser obtidos pelo e-mail <a href=\"mailto:viveiro@aretebuzios.com.br\">viveiro@aretebuzios.com.br<\/a><\/p>\n<p>&nbsp;<\/p>\n<p><strong>Servi\u00e7o \u2013<\/strong> Lan\u00e7amento da segunda edi\u00e7\u00e3o do Cat\u00e1logo da Flora Buziana e inaugura\u00e7\u00e3o do Herb\u00e1rio<\/p>\n<p>Dia 22\/08 \u2013 a partir das 15h<\/p>\n<p>Local: Viveiro Aret\u00ea, Av. Jos\u00e9 Bento Ribeiro Dantas, 8300 \u2013 B\u00fazios<\/p>\n<p>Evento gratuito \u2013 inscri\u00e7\u00f5es pelo link: <a href=\"https:\/\/forms.gle\/QyavFkBj5xN5hnB38\">https:\/\/forms.gle\/QyavFkBj5xN5hnB38<\/a><\/p>\n","protected":false},"excerpt":{"rendered":"<p>O Opportunity Fundo de Investimento Imobili\u00e1rio apresenta no pr\u00f3ximo dia 22 a segunda edi\u00e7\u00e3o do Cat\u00e1logo da Flora Buziana, publica\u00e7\u00e3o que re\u00fane informa\u00e7\u00f5es detalhadas sobre a vegeta\u00e7\u00e3o do munic\u00edpio de B\u00fazios. Organizado pela paisagista e mestre em conserva\u00e7\u00e3o Heloisa Ribeiro Dantas, especialista na flora local, o cat\u00e1logo agora descreve 47 esp\u00e9cies, quase o dobro da [&hellip;]<\/p>\n","protected":false},"author":2,"featured_media":22591,"comment_status":"open","ping_status":"open","sticky":true,"template":"","format":"standard","meta":{"footnotes":""},"categories":[824],"tags":[1896],"class_list":["post-22589","post","type-post","status-publish","format-standard","has-post-thumbnail","hentry","category-buzios","tag-destaque"],"_links":{"self":[{"href":"https:\/\/blogdodanielgalvao.com.br\/site\/wp-json\/wp\/v2\/posts\/22589","targetHints":{"allow":["GET"]}}],"collection":[{"href":"https:\/\/blogdodanielgalvao.com.br\/site\/wp-json\/wp\/v2\/posts"}],"about":[{"href":"https:\/\/blogdodanielgalvao.com.br\/site\/wp-json\/wp\/v2\/types\/post"}],"author":[{"embeddable":true,"href":"https:\/\/blogdodanielgalvao.com.br\/site\/wp-json\/wp\/v2\/users\/2"}],"replies":[{"embeddable":true,"href":"https:\/\/blogdodanielgalvao.com.br\/site\/wp-json\/wp\/v2\/comments?post=22589"}],"version-history":[{"count":1,"href":"https:\/\/blogdodanielgalvao.com.br\/site\/wp-json\/wp\/v2\/posts\/22589\/revisions"}],"predecessor-version":[{"id":22592,"href":"https:\/\/blogdodanielgalvao.com.br\/site\/wp-json\/wp\/v2\/posts\/22589\/revisions\/22592"}],"wp:featuredmedia":[{"embeddable":true,"href":"https:\/\/blogdodanielgalvao.com.br\/site\/wp-json\/wp\/v2\/media\/22591"}],"wp:attachment":[{"href":"https:\/\/blogdodanielgalvao.com.br\/site\/wp-json\/wp\/v2\/media?parent=22589"}],"wp:term":[{"taxonomy":"category","embeddable":true,"href":"https:\/\/blogdodanielgalvao.com.br\/site\/wp-json\/wp\/v2\/categories?post=22589"},{"taxonomy":"post_tag","embeddable":true,"href":"https:\/\/blogdodanielgalvao.com.br\/site\/wp-json\/wp\/v2\/tags?post=22589"}],"curies":[{"name":"wp","href":"https:\/\/api.w.org\/{rel}","templated":true}]}}