{"id":22587,"date":"2025-08-21T12:54:39","date_gmt":"2025-08-21T15:54:39","guid":{"rendered":"https:\/\/blogdodanielgalvao.com.br\/site\/?p=22587"},"modified":"2025-08-21T12:54:39","modified_gmt":"2025-08-21T15:54:39","slug":"cabo-frio-reforca-seguranca-viaria-com-revitalizacao-de-faixas-e-novas-placas","status":"publish","type":"post","link":"https:\/\/blogdodanielgalvao.com.br\/site\/cabo-frio-reforca-seguranca-viaria-com-revitalizacao-de-faixas-e-novas-placas\/","title":{"rendered":"Cabo Frio refor\u00e7a seguran\u00e7a vi\u00e1ria com revitaliza\u00e7\u00e3o de faixas e novas placas"},"content":{"rendered":"<p>A Prefeitura de Cabo Frio, por meio da Secretaria de Mobilidade Urbana, est\u00e1 ampliando as a\u00e7\u00f5es de recupera\u00e7\u00e3o e moderniza\u00e7\u00e3o da sinaliza\u00e7\u00e3o de tr\u00e2nsito em diferentes regi\u00f5es da cidade. Nesta quarta-feira (20), as equipes executaram a repintura de faixas de pedestres no Parque Burle, em locais de grande circula\u00e7\u00e3o, refor\u00e7ando a seguran\u00e7a de quem anda a p\u00e9 e de quem dirige.<\/p>\n<p>No come\u00e7o da semana, os trabalhos j\u00e1 haviam chegado ao entorno do Mercado Municipal de Peixes, onde foram implantadas novas placas de carga e descarga, al\u00e9m da instala\u00e7\u00e3o do sistema de vagas rotativas. Nesse mesmo per\u00edodo, tamb\u00e9m foi realizada a pintura de faixa de canaliza\u00e7\u00e3o entre os bairros Jacar\u00e9 e Gamboa, medida que auxilia na orienta\u00e7\u00e3o dos motoristas e reduz a possibilidade de acidentes.<\/p>\n<p>De acordo com o planejamento da secretaria, os servi\u00e7os priorizam locais de alto fluxo de pessoas, como escolas, unidades de sa\u00fade, \u00e1reas comerciais e pontos tur\u00edsticos. O objetivo \u00e9 garantir mais visibilidade, organiza\u00e7\u00e3o no tr\u00e1fego e valoriza\u00e7\u00e3o da mobilidade urbana, sempre com foco na preven\u00e7\u00e3o de ocorr\u00eancias\u00a0no\u00a0tr\u00e2nsito.<\/p>\n","protected":false},"excerpt":{"rendered":"<p>A Prefeitura de Cabo Frio, por meio da Secretaria de Mobilidade Urbana, est\u00e1 ampliando as a\u00e7\u00f5es de recupera\u00e7\u00e3o e moderniza\u00e7\u00e3o da sinaliza\u00e7\u00e3o de tr\u00e2nsito em diferentes regi\u00f5es da cidade. Nesta quarta-feira (20), as equipes executaram a repintura de faixas de pedestres no Parque Burle, em locais de grande circula\u00e7\u00e3o, refor\u00e7ando a seguran\u00e7a de quem anda [&hellip;]<\/p>\n","protected":false},"author":2,"featured_media":22588,"comment_status":"open","ping_status":"open","sticky":true,"template":"","format":"standard","meta":{"footnotes":""},"categories":[340],"tags":[1896],"class_list":["post-22587","post","type-post","status-publish","format-standard","has-post-thumbnail","hentry","category-cabo-frio","tag-destaque"],"_links":{"self":[{"href":"https:\/\/blogdodanielgalvao.com.br\/site\/wp-json\/wp\/v2\/posts\/22587","targetHints":{"allow":["GET"]}}],"collection":[{"href":"https:\/\/blogdodanielgalvao.com.br\/site\/wp-json\/wp\/v2\/posts"}],"about":[{"href":"https:\/\/blogdodanielgalvao.com.br\/site\/wp-json\/wp\/v2\/types\/post"}],"author":[{"embeddable":true,"href":"https:\/\/blogdodanielgalvao.com.br\/site\/wp-json\/wp\/v2\/users\/2"}],"replies":[{"embeddable":true,"href":"https:\/\/blogdodanielgalvao.com.br\/site\/wp-json\/wp\/v2\/comments?post=22587"}],"version-history":[{"count":1,"href":"https:\/\/blogdodanielgalvao.com.br\/site\/wp-json\/wp\/v2\/posts\/22587\/revisions"}],"predecessor-version":[{"id":22590,"href":"https:\/\/blogdodanielgalvao.com.br\/site\/wp-json\/wp\/v2\/posts\/22587\/revisions\/22590"}],"wp:featuredmedia":[{"embeddable":true,"href":"https:\/\/blogdodanielgalvao.com.br\/site\/wp-json\/wp\/v2\/media\/22588"}],"wp:attachment":[{"href":"https:\/\/blogdodanielgalvao.com.br\/site\/wp-json\/wp\/v2\/media?parent=22587"}],"wp:term":[{"taxonomy":"category","embeddable":true,"href":"https:\/\/blogdodanielgalvao.com.br\/site\/wp-json\/wp\/v2\/categories?post=22587"},{"taxonomy":"post_tag","embeddable":true,"href":"https:\/\/blogdodanielgalvao.com.br\/site\/wp-json\/wp\/v2\/tags?post=22587"}],"curies":[{"name":"wp","href":"https:\/\/api.w.org\/{rel}","templated":true}]}}