{"id":22572,"date":"2025-08-20T17:42:58","date_gmt":"2025-08-20T20:42:58","guid":{"rendered":"https:\/\/blogdodanielgalvao.com.br\/site\/?p=22572"},"modified":"2025-08-20T17:42:58","modified_gmt":"2025-08-20T20:42:58","slug":"gestao-municipal-de-quissama-apresenta-projetos-e-articula-investimentos-na-capital-federal","status":"publish","type":"post","link":"https:\/\/blogdodanielgalvao.com.br\/site\/gestao-municipal-de-quissama-apresenta-projetos-e-articula-investimentos-na-capital-federal\/","title":{"rendered":"Gest\u00e3o municipal de Quissam\u00e3 apresenta projetos e articula investimentos na capital federal"},"content":{"rendered":"<p>O prefeito de Quissam\u00e3, Marcelo Batista, cumpriu uma s\u00e9rie de compromissos oficiais em Bras\u00edlia com foco na capta\u00e7\u00e3o de novos investimentos e no fortalecimento de parcerias estrat\u00e9gicas para o desenvolvimento do munic\u00edpio. Acompanham o chefe do Executivo o chefe de gabinete, M\u00e1rcio Fernandes, e o controlador-geral do munic\u00edpio, Alex Azevedo.<\/p>\n<p>A agenda come\u00e7ou na segunda-feira (18), com reuni\u00f5es com o secret\u00e1rio de Assuntos Parlamentares, Andr\u00e9 Ceciliano, e o deputado federal Lindbergh Farias. Na ocasi\u00e3o, foi discutida a possibilidade de destina\u00e7\u00e3o de R$ 3 milh\u00f5es em recursos para Quissam\u00e3.<\/p>\n<p>Na ter\u00e7a-feira (19), o prefeito esteve no Fundo Nacional de Desenvolvimento da Educa\u00e7\u00e3o (FNDE), onde apresentou projetos voltados \u00e0 melhoria da infraestrutura das unidades de ensino do munic\u00edpio. Ainda no mesmo dia, participou de reuni\u00e3o no Pal\u00e1cio do Planalto com o gerente de Assuntos Federativos da Presid\u00eancia da Rep\u00fablica, Jaderson Braga, tratando de pautas priorit\u00e1rias junto ao governo federal.<\/p>\n<p>\u201cEssas reuni\u00f5es s\u00e3o fundamentais para o avan\u00e7o de pautas importantes para a popula\u00e7\u00e3o de Quissam\u00e3, com foco na busca de investimentos e parcerias que contribuam para melhorar a qualidade de vida no munic\u00edpio\u201d, destacou Marcelo Batista.<\/p>\n<p>Outro encontro de destaque ocorreu com o ministro do Esporte, Andr\u00e9 Fufuca, ocasi\u00e3o em que foram discutidas propostas para ampliar as pol\u00edticas p\u00fablicas de esporte e lazer em Quissam\u00e3, com foco na inclus\u00e3o social e na valoriza\u00e7\u00e3o dos talentos locais. Na reuni\u00e3o, tamb\u00e9m esteve em pauta a libera\u00e7\u00e3o de emenda parlamentar para o Complexo Esportivo de Quissam\u00e3.<\/p>\n","protected":false},"excerpt":{"rendered":"<p>O prefeito de Quissam\u00e3, Marcelo Batista, cumpriu uma s\u00e9rie de compromissos oficiais em Bras\u00edlia com foco na capta\u00e7\u00e3o de novos investimentos e no fortalecimento de parcerias estrat\u00e9gicas para o desenvolvimento do munic\u00edpio. Acompanham o chefe do Executivo o chefe de gabinete, M\u00e1rcio Fernandes, e o controlador-geral do munic\u00edpio, Alex Azevedo. A agenda come\u00e7ou na segunda-feira [&hellip;]<\/p>\n","protected":false},"author":2,"featured_media":22573,"comment_status":"open","ping_status":"open","sticky":true,"template":"","format":"standard","meta":{"footnotes":""},"categories":[5],"tags":[2937],"class_list":["post-22572","post","type-post","status-publish","format-standard","has-post-thumbnail","hentry","category-quissama","tag-gestao-municipal-de-quissama"],"_links":{"self":[{"href":"https:\/\/blogdodanielgalvao.com.br\/site\/wp-json\/wp\/v2\/posts\/22572","targetHints":{"allow":["GET"]}}],"collection":[{"href":"https:\/\/blogdodanielgalvao.com.br\/site\/wp-json\/wp\/v2\/posts"}],"about":[{"href":"https:\/\/blogdodanielgalvao.com.br\/site\/wp-json\/wp\/v2\/types\/post"}],"author":[{"embeddable":true,"href":"https:\/\/blogdodanielgalvao.com.br\/site\/wp-json\/wp\/v2\/users\/2"}],"replies":[{"embeddable":true,"href":"https:\/\/blogdodanielgalvao.com.br\/site\/wp-json\/wp\/v2\/comments?post=22572"}],"version-history":[{"count":1,"href":"https:\/\/blogdodanielgalvao.com.br\/site\/wp-json\/wp\/v2\/posts\/22572\/revisions"}],"predecessor-version":[{"id":22574,"href":"https:\/\/blogdodanielgalvao.com.br\/site\/wp-json\/wp\/v2\/posts\/22572\/revisions\/22574"}],"wp:featuredmedia":[{"embeddable":true,"href":"https:\/\/blogdodanielgalvao.com.br\/site\/wp-json\/wp\/v2\/media\/22573"}],"wp:attachment":[{"href":"https:\/\/blogdodanielgalvao.com.br\/site\/wp-json\/wp\/v2\/media?parent=22572"}],"wp:term":[{"taxonomy":"category","embeddable":true,"href":"https:\/\/blogdodanielgalvao.com.br\/site\/wp-json\/wp\/v2\/categories?post=22572"},{"taxonomy":"post_tag","embeddable":true,"href":"https:\/\/blogdodanielgalvao.com.br\/site\/wp-json\/wp\/v2\/tags?post=22572"}],"curies":[{"name":"wp","href":"https:\/\/api.w.org\/{rel}","templated":true}]}}