{"id":22568,"date":"2025-08-20T17:22:45","date_gmt":"2025-08-20T20:22:45","guid":{"rendered":"https:\/\/blogdodanielgalvao.com.br\/site\/?p=22568"},"modified":"2025-08-20T17:22:45","modified_gmt":"2025-08-20T20:22:45","slug":"reuniao-com-guias-de-turismo-amplia-dialogo-com-a-categoria-em-rio-das-ostras","status":"publish","type":"post","link":"https:\/\/blogdodanielgalvao.com.br\/site\/reuniao-com-guias-de-turismo-amplia-dialogo-com-a-categoria-em-rio-das-ostras\/","title":{"rendered":"Reuni\u00e3o com guias de turismo amplia di\u00e1logo com a categoria em Rio das Ostras"},"content":{"rendered":"<p>A Prefeitura de Rio das Ostras se reuniu nessa ter\u00e7a-feira, 19, com guias de turismo cadastrados no munic\u00edpio, com objetivo de estreitar rela\u00e7\u00f5es e ouvir demandas da categoria, visando a qualifica\u00e7\u00e3o do atendimento a grupos de excurs\u00e3o.<\/p>\n<p>O encontro aconteceu na sede da Secretaria de Desenvolvimento Econ\u00f4mico e Turismo, e contou com a participa\u00e7\u00e3o do gestor da pasta, o secret\u00e1rio Rodrigo Peleteiro (DC), al\u00e9m de um representante da Secretaria de Transportes P\u00fablicos, Acessibilidade e Mobilidade Urbana.<\/p>\n<p>Durante o encontro, o representante da pasta de Transporte P\u00fablicos, Marcelo Gomes, tirou d\u00favidas dos profissionais do setor sobre os pontos de parada e \u00e1reas de estacionamento destinadas a \u00f4nibus de turismo.<\/p>\n<p>A reuni\u00e3o tamb\u00e9m debateu a necessidade de organiza\u00e7\u00e3o da categoria para pleitear uma cadeira no Conselho Municipal de Turismo (COMTUR-RO), j\u00e1 que, atualmente, os guias n\u00e3o possuem representa\u00e7\u00e3o no colegiado.<\/p>\n<p>Criado em 2018, o \u00f3rg\u00e3o, que possui 12 cadeiras, e \u00e9 respons\u00e1vel por debater e deliberar sobre pol\u00edticas p\u00fablicas voltadas para setor, est\u00e1 com inscri\u00e7\u00f5es abertas para candidaturas de conselheiros at\u00e9 o pr\u00f3ximo dia 29 de agosto, com as elei\u00e7\u00f5es previstas para o V F\u00f3rum Municipal de Turismo, que acontece em outubro<\/p>\n<p>\u201cO di\u00e1logo entre o poder p\u00fablico e a sociedade deve ser permanente para fortalecer a atividade tur\u00edstica no munic\u00edpio\u201d, avaliou o secret\u00e1rio Rodrigo Peleteiro.<\/p>\n<p>Al\u00e9m da presen\u00e7a do secret\u00e1rio de Desenvolvimento Econ\u00f4mico e Turismo e do representante da Secretaria de Transportes P\u00fablicos, Acessibilidade e Mobilidade Urbana, o encontrou contou com a condu\u00e7\u00e3o dos turism\u00f3logos, Rodrigo Lopes e Juliana Ravaglia, que tamb\u00e9m representaram a pasta do Turismo.<\/p>\n","protected":false},"excerpt":{"rendered":"<p>A Prefeitura de Rio das Ostras se reuniu nessa ter\u00e7a-feira, 19, com guias de turismo cadastrados no munic\u00edpio, com objetivo de estreitar rela\u00e7\u00f5es e ouvir demandas da categoria, visando a qualifica\u00e7\u00e3o do atendimento a grupos de excurs\u00e3o. O encontro aconteceu na sede da Secretaria de Desenvolvimento Econ\u00f4mico e Turismo, e contou com a participa\u00e7\u00e3o do [&hellip;]<\/p>\n","protected":false},"author":2,"featured_media":22569,"comment_status":"open","ping_status":"open","sticky":true,"template":"","format":"standard","meta":{"footnotes":""},"categories":[1920],"tags":[2936],"class_list":["post-22568","post","type-post","status-publish","format-standard","has-post-thumbnail","hentry","category-turismo","tag-secretaria-de-desenvolvimento-economico-e-turismo"],"_links":{"self":[{"href":"https:\/\/blogdodanielgalvao.com.br\/site\/wp-json\/wp\/v2\/posts\/22568","targetHints":{"allow":["GET"]}}],"collection":[{"href":"https:\/\/blogdodanielgalvao.com.br\/site\/wp-json\/wp\/v2\/posts"}],"about":[{"href":"https:\/\/blogdodanielgalvao.com.br\/site\/wp-json\/wp\/v2\/types\/post"}],"author":[{"embeddable":true,"href":"https:\/\/blogdodanielgalvao.com.br\/site\/wp-json\/wp\/v2\/users\/2"}],"replies":[{"embeddable":true,"href":"https:\/\/blogdodanielgalvao.com.br\/site\/wp-json\/wp\/v2\/comments?post=22568"}],"version-history":[{"count":1,"href":"https:\/\/blogdodanielgalvao.com.br\/site\/wp-json\/wp\/v2\/posts\/22568\/revisions"}],"predecessor-version":[{"id":22570,"href":"https:\/\/blogdodanielgalvao.com.br\/site\/wp-json\/wp\/v2\/posts\/22568\/revisions\/22570"}],"wp:featuredmedia":[{"embeddable":true,"href":"https:\/\/blogdodanielgalvao.com.br\/site\/wp-json\/wp\/v2\/media\/22569"}],"wp:attachment":[{"href":"https:\/\/blogdodanielgalvao.com.br\/site\/wp-json\/wp\/v2\/media?parent=22568"}],"wp:term":[{"taxonomy":"category","embeddable":true,"href":"https:\/\/blogdodanielgalvao.com.br\/site\/wp-json\/wp\/v2\/categories?post=22568"},{"taxonomy":"post_tag","embeddable":true,"href":"https:\/\/blogdodanielgalvao.com.br\/site\/wp-json\/wp\/v2\/tags?post=22568"}],"curies":[{"name":"wp","href":"https:\/\/api.w.org\/{rel}","templated":true}]}}