{"id":22563,"date":"2025-08-20T16:56:56","date_gmt":"2025-08-20T19:56:56","guid":{"rendered":"https:\/\/blogdodanielgalvao.com.br\/site\/?p=22563"},"modified":"2025-08-20T16:56:56","modified_gmt":"2025-08-20T19:56:56","slug":"prefeitura-de-cabo-frio-acelera-cronograma-de-obras-para-reduzir-impactos-no-trafego","status":"publish","type":"post","link":"https:\/\/blogdodanielgalvao.com.br\/site\/prefeitura-de-cabo-frio-acelera-cronograma-de-obras-para-reduzir-impactos-no-trafego\/","title":{"rendered":"Prefeitura de Cabo Frio acelera cronograma de obras para reduzir impactos no tr\u00e1fego"},"content":{"rendered":"<p>A requalifica\u00e7\u00e3o das principais avenidas do Centro de Cabo Frio entrou em nova fase com a coloca\u00e7\u00e3o do asfalto na Teixeira e Souza e a fresagem da Avenida Assun\u00e7\u00e3o. A previs\u00e3o \u00e9 de que os servi\u00e7os sejam conclu\u00eddos at\u00e9 a pr\u00f3xima semana, amenizando o fluxo intenso de ve\u00edculos, especialmente nas duas pistas da Teixeira e Souza.<\/p>\n<p>Nesta etapa, o cronograma prev\u00ea a finaliza\u00e7\u00e3o da fresagem e a aplica\u00e7\u00e3o da nova camada asf\u00e1ltica ao longo da Teixeira e Souza. At\u00e9 quinta-feira (21), a pavimenta\u00e7\u00e3o deve alcan\u00e7ar o trecho entre a garagem da Via\u00e7\u00e3o 1001 e o trevo das farm\u00e1cias (antigo S\u00f3 Ra\u00e7\u00f5es), no sentido S\u00e3o Crist\u00f3v\u00e3o.<\/p>\n<p>A partir da\u00ed, os trabalhos seguir\u00e3o nos dois sentidos da via, com interdi\u00e7\u00f5es parciais nos trechos entre o supermercado Carone e a Avenida Joaquim Nogueira, no sentido S\u00e3o Crist\u00f3v\u00e3o, e entre a Padaria Remmar e a Avenida Assun\u00e7\u00e3o, no sentido Centro.<\/p>\n<p>Enquanto isso, a Avenida Assun\u00e7\u00e3o tamb\u00e9m recebe obras. No trecho em dire\u00e7\u00e3o ao Centro, at\u00e9 a sede da Prefeitura, est\u00e1 em andamento a retirada de 1,5 km de asfalto antigo para posterior aplica\u00e7\u00e3o da nova camada.<\/p>\n<p>De acordo com o secret\u00e1rio de Obras, Vanderson Bento, a meta \u00e9 acelerar os servi\u00e7os e reduzir transtornos. \u201cSabemos que obras causam inc\u00f4modos, mas estamos agilizando o cronograma de requalifica\u00e7\u00e3o para liberar o tr\u00e1fego o quanto antes. A partir desta quarta (20), dobraremos o n\u00famero de caminh\u00f5es-pipa para diminuir a poeira gerada pelos trabalhos\u201d, afirmou.<\/p>\n<p>A revitaliza\u00e7\u00e3o integra um pacote de obras fruto da parceria entre a Prefeitura de Cabo Frio e o Governo do Estado do Rio de Janeiro, com investimento de R\\$ 5 milh\u00f5es. Os servi\u00e7os come\u00e7aram em 26 de junho e est\u00e3o previstos para terminar no fim de novembro.<\/p>\n<p>No total, o projeto contempla cerca de 9 km de recapeamento nas avenidas J\u00falia Kubitschek, Teixeira e Souza e Nossa Senhora da Assun\u00e7\u00e3o, al\u00e9m da moderniza\u00e7\u00e3o da sinaliza\u00e7\u00e3o horizontal e reformas nas cal\u00e7adas.<\/p>\n<p>&nbsp;<\/p>\n<p>Fotos: Mari\u00a0Ricci\/SECOM<\/p>\n","protected":false},"excerpt":{"rendered":"<p>A requalifica\u00e7\u00e3o das principais avenidas do Centro de Cabo Frio entrou em nova fase com a coloca\u00e7\u00e3o do asfalto na Teixeira e Souza e a fresagem da Avenida Assun\u00e7\u00e3o. A previs\u00e3o \u00e9 de que os servi\u00e7os sejam conclu\u00eddos at\u00e9 a pr\u00f3xima semana, amenizando o fluxo intenso de ve\u00edculos, especialmente nas duas pistas da Teixeira e [&hellip;]<\/p>\n","protected":false},"author":2,"featured_media":22564,"comment_status":"open","ping_status":"open","sticky":true,"template":"","format":"standard","meta":{"footnotes":""},"categories":[340],"tags":[1896],"class_list":["post-22563","post","type-post","status-publish","format-standard","has-post-thumbnail","hentry","category-cabo-frio","tag-destaque"],"_links":{"self":[{"href":"https:\/\/blogdodanielgalvao.com.br\/site\/wp-json\/wp\/v2\/posts\/22563","targetHints":{"allow":["GET"]}}],"collection":[{"href":"https:\/\/blogdodanielgalvao.com.br\/site\/wp-json\/wp\/v2\/posts"}],"about":[{"href":"https:\/\/blogdodanielgalvao.com.br\/site\/wp-json\/wp\/v2\/types\/post"}],"author":[{"embeddable":true,"href":"https:\/\/blogdodanielgalvao.com.br\/site\/wp-json\/wp\/v2\/users\/2"}],"replies":[{"embeddable":true,"href":"https:\/\/blogdodanielgalvao.com.br\/site\/wp-json\/wp\/v2\/comments?post=22563"}],"version-history":[{"count":1,"href":"https:\/\/blogdodanielgalvao.com.br\/site\/wp-json\/wp\/v2\/posts\/22563\/revisions"}],"predecessor-version":[{"id":22565,"href":"https:\/\/blogdodanielgalvao.com.br\/site\/wp-json\/wp\/v2\/posts\/22563\/revisions\/22565"}],"wp:featuredmedia":[{"embeddable":true,"href":"https:\/\/blogdodanielgalvao.com.br\/site\/wp-json\/wp\/v2\/media\/22564"}],"wp:attachment":[{"href":"https:\/\/blogdodanielgalvao.com.br\/site\/wp-json\/wp\/v2\/media?parent=22563"}],"wp:term":[{"taxonomy":"category","embeddable":true,"href":"https:\/\/blogdodanielgalvao.com.br\/site\/wp-json\/wp\/v2\/categories?post=22563"},{"taxonomy":"post_tag","embeddable":true,"href":"https:\/\/blogdodanielgalvao.com.br\/site\/wp-json\/wp\/v2\/tags?post=22563"}],"curies":[{"name":"wp","href":"https:\/\/api.w.org\/{rel}","templated":true}]}}