{"id":22559,"date":"2025-08-20T16:52:04","date_gmt":"2025-08-20T19:52:04","guid":{"rendered":"https:\/\/blogdodanielgalvao.com.br\/site\/?p=22559"},"modified":"2025-08-20T16:52:04","modified_gmt":"2025-08-20T19:52:04","slug":"saude-e-cidadania-em-arraial-do-cabo-tem-acao-especial-e-atende-moradores","status":"publish","type":"post","link":"https:\/\/blogdodanielgalvao.com.br\/site\/saude-e-cidadania-em-arraial-do-cabo-tem-acao-especial-e-atende-moradores\/","title":{"rendered":"Sa\u00fade e cidadania em Arraial do Cabo tem a\u00e7\u00e3o especial e atende moradores"},"content":{"rendered":"<p>A Prefeitura de Arraial do Cabo, por meio da Secretaria Municipal de Sa\u00fade, realiza neste s\u00e1bado (23), mais uma edi\u00e7\u00e3o do Programa Sa\u00fade na Escola (PSE). A atividade acontece no Col\u00e9gio Municipal Vera Felizardo e na Creche Helena Saraiva Rodrigues, em Novo Arraial, das 9h \u00e0s 12h, aberta a toda a popula\u00e7\u00e3o.<\/p>\n<p>O evento tem como objetivo ampliar o acesso aos servi\u00e7os de sa\u00fade e refor\u00e7ar a preven\u00e7\u00e3o. Entre os atendimentos oferecidos, haver\u00e1 vacina\u00e7\u00e3o contra a gripe (Influenza) para todas as pessoas a partir de 6 meses de idade, al\u00e9m da atualiza\u00e7\u00e3o das cadernetas de imuniza\u00e7\u00e3o, permitindo que fam\u00edlias mantenham em dia a prote\u00e7\u00e3o de crian\u00e7as, jovens e adultos.<\/p>\n<p>Tamb\u00e9m estar\u00e3o dispon\u00edveis gratuitamente: consultas com equipe de enfermagem, aferi\u00e7\u00e3o de press\u00e3o arterial, testes de glicemia, avalia\u00e7\u00e3o e orienta\u00e7\u00e3o sobre higiene bucal, entrega de kits odontol\u00f3gicos, informa\u00e7\u00f5es sobre ISTs, a\u00e7\u00f5es educativas de sa\u00fade voltadas a diferentes faixas et\u00e1rias, al\u00e9m de campanhas de preven\u00e7\u00e3o ao tabagismo e combate \u00e0 dengue. A popula\u00e7\u00e3o ainda poder\u00e1 realizar cadastro e atualiza\u00e7\u00e3o de dados do Cad\u00danico, recebendo orienta\u00e7\u00f5es sobre benef\u00edcios sociais.<\/p>\n<p>A programa\u00e7\u00e3o ser\u00e1 integrada com atividades culturais, recreativas e educativas em parceria com a Secretaria de Educa\u00e7\u00e3o, transformando o espa\u00e7o escolar em um ambiente acolhedor e participativo.<\/p>\n<p>A Secretaria de Sa\u00fade refor\u00e7a a necessidade de levar CPF, Cart\u00e3o do SUS e a Caderneta de Vacina\u00e7\u00e3o. Crian\u00e7as devem estar acompanhadas de um respons\u00e1vel.<\/p>\n<p>Local: Col\u00e9gio Municipal Vera Felizardo e Creche Helena Saraiva Rodrigues<\/p>\n<p>Endere\u00e7o: Avenida das Na\u00e7\u00f5es Unidas s\/n\u00b0 \u2013 Novo Arraial<\/p>\n<p>Hor\u00e1rio: 9h \u00e0s 12h<\/p>\n<p>A iniciativa reafirma o compromisso da gest\u00e3o municipal em descentralizar servi\u00e7os e garantir sa\u00fade de qualidade, com aten\u00e7\u00e3o, acolhimento e preven\u00e7\u00e3o em todas as regi\u00f5es\u00a0da\u00a0cidade.<\/p>\n","protected":false},"excerpt":{"rendered":"<p>A Prefeitura de Arraial do Cabo, por meio da Secretaria Municipal de Sa\u00fade, realiza neste s\u00e1bado (23), mais uma edi\u00e7\u00e3o do Programa Sa\u00fade na Escola (PSE). A atividade acontece no Col\u00e9gio Municipal Vera Felizardo e na Creche Helena Saraiva Rodrigues, em Novo Arraial, das 9h \u00e0s 12h, aberta a toda a popula\u00e7\u00e3o. O evento tem [&hellip;]<\/p>\n","protected":false},"author":2,"featured_media":22560,"comment_status":"open","ping_status":"open","sticky":true,"template":"","format":"standard","meta":{"footnotes":""},"categories":[838],"tags":[1896],"class_list":["post-22559","post","type-post","status-publish","format-standard","has-post-thumbnail","hentry","category-arraial-do-cabo","tag-destaque"],"_links":{"self":[{"href":"https:\/\/blogdodanielgalvao.com.br\/site\/wp-json\/wp\/v2\/posts\/22559","targetHints":{"allow":["GET"]}}],"collection":[{"href":"https:\/\/blogdodanielgalvao.com.br\/site\/wp-json\/wp\/v2\/posts"}],"about":[{"href":"https:\/\/blogdodanielgalvao.com.br\/site\/wp-json\/wp\/v2\/types\/post"}],"author":[{"embeddable":true,"href":"https:\/\/blogdodanielgalvao.com.br\/site\/wp-json\/wp\/v2\/users\/2"}],"replies":[{"embeddable":true,"href":"https:\/\/blogdodanielgalvao.com.br\/site\/wp-json\/wp\/v2\/comments?post=22559"}],"version-history":[{"count":1,"href":"https:\/\/blogdodanielgalvao.com.br\/site\/wp-json\/wp\/v2\/posts\/22559\/revisions"}],"predecessor-version":[{"id":22561,"href":"https:\/\/blogdodanielgalvao.com.br\/site\/wp-json\/wp\/v2\/posts\/22559\/revisions\/22561"}],"wp:featuredmedia":[{"embeddable":true,"href":"https:\/\/blogdodanielgalvao.com.br\/site\/wp-json\/wp\/v2\/media\/22560"}],"wp:attachment":[{"href":"https:\/\/blogdodanielgalvao.com.br\/site\/wp-json\/wp\/v2\/media?parent=22559"}],"wp:term":[{"taxonomy":"category","embeddable":true,"href":"https:\/\/blogdodanielgalvao.com.br\/site\/wp-json\/wp\/v2\/categories?post=22559"},{"taxonomy":"post_tag","embeddable":true,"href":"https:\/\/blogdodanielgalvao.com.br\/site\/wp-json\/wp\/v2\/tags?post=22559"}],"curies":[{"name":"wp","href":"https:\/\/api.w.org\/{rel}","templated":true}]}}