{"id":22555,"date":"2025-08-20T16:47:35","date_gmt":"2025-08-20T19:47:35","guid":{"rendered":"https:\/\/blogdodanielgalvao.com.br\/site\/?p=22555"},"modified":"2025-08-20T16:47:35","modified_gmt":"2025-08-20T19:47:35","slug":"cabo-frio-reforca-preservacao-com-novas-placas-no-dormitorio-das-garcas","status":"publish","type":"post","link":"https:\/\/blogdodanielgalvao.com.br\/site\/cabo-frio-reforca-preservacao-com-novas-placas-no-dormitorio-das-garcas\/","title":{"rendered":"Cabo Frio refor\u00e7a preserva\u00e7\u00e3o com novas placas no Dormit\u00f3rio das Gar\u00e7as"},"content":{"rendered":"<p>O Parque Natural Municipal Dormit\u00f3rio das Gar\u00e7as Walter Bessa, um dos principais patrim\u00f4nios ambientais de Cabo Frio, recebeu novas placas de orienta\u00e7\u00e3o e conscientiza\u00e7\u00e3o. A Prefeitura, por meio da Secretaria de Meio Ambiente, Saneamento e Clima, promoveu a instala\u00e7\u00e3o com o objetivo de fortalecer a conserva\u00e7\u00e3o, organizar o espa\u00e7o e incentivar pr\u00e1ticas de turismo sustent\u00e1vel. A iniciativa integra o cronograma do programa \u201cCabo Frio Educada\u201d.<\/p>\n<p>As sinaliza\u00e7\u00f5es trazem dados sobre a fauna, a flora e o ecossistema de manguezal, al\u00e9m de instru\u00e7\u00f5es sobre conduta e restri\u00e7\u00f5es. Entre as mudan\u00e7as, a entrada do parque ganhou uma placa de boas-vindas, e \u00e1reas internas receberam indica\u00e7\u00f5es de trilhas, banheiros e setores espec\u00edficos, al\u00e9m de avisos de proibi\u00e7\u00e3o de churrascos e de entrada de animais em \u00e1reas de preserva\u00e7\u00e3o. Os equipamentos foram instalados em pontos estrat\u00e9gicos para facilitar a compreens\u00e3o por parte dos visitantes.<\/p>\n<p>Segundo o secret\u00e1rio municipal de Meio Ambiente, Jailton Nogueira, a medida \u00e9 essencial para seguran\u00e7a e educa\u00e7\u00e3o ambiental. \u201cO Dormit\u00f3rio das Gar\u00e7as \u00e9 um patrim\u00f4nio natural de Cabo Frio. Esse trabalho de sinaliza\u00e7\u00e3o \u00e9 fundamental porque ajuda as pessoas a entenderem a import\u00e2ncia de preservar, respeitar as regras de conduta e viver uma experi\u00eancia segura e respons\u00e1vel dentro do parque\u201d, afirmou.<\/p>\n<p>O local abriga cerca de 1.400 gar\u00e7as-brancas-grandes, al\u00e9m de aves sazonais como colhereiros e gar\u00e7as-azuis, somando aproximadamente 40 esp\u00e9cies. O ambiente funciona ainda como ber\u00e7\u00e1rio marinho, abrigando peixes e crust\u00e1ceos em fase inicial de desenvolvimento, como camar\u00f5es e caranguejos, que utilizam a prote\u00e7\u00e3o do manguezal antes de migrarem para o mar.<\/p>\n<p>O bi\u00f3logo e supervisor Paulo Roberto Braga destacou que a sinaliza\u00e7\u00e3o \u00e9 essencial para conter pr\u00e1ticas que colocam o ecossistema em risco. \u201cInfelizmente, muitos visitantes insistem em realizar atividades inadequadas, como churrascos, descarte de lixo e retirada de plantas. As placas t\u00eam justamente a fun\u00e7\u00e3o de orientar o que \u00e9 permitido e o que \u00e9 proibido, garantindo a preserva\u00e7\u00e3o das aves, da vegeta\u00e7\u00e3o e da vida marinha\u201d, explicou.<\/p>\n<p>A Prefeitura j\u00e1 aplicou medidas semelhantes em outros espa\u00e7os de prote\u00e7\u00e3o da cidade, como o Parque do Mico-Le\u00e3o-Dourado, a Ilha do Japon\u00eas e \u00e1reas de restinga e manguezais.<\/p>\n<p>A instala\u00e7\u00e3o das placas faz parte de uma s\u00e9rie de melhorias realizadas desde a reinaugura\u00e7\u00e3o do Dormit\u00f3rio das Gar\u00e7as em mar\u00e7o deste ano. O espa\u00e7o ganhou novo mirante de observa\u00e7\u00e3o de aves, com 10 metros de altura, deck restaurado, trilhas demarcadas, visitas guiadas retomadas e \u00e1reas verdes revitalizadas com plantio de esp\u00e9cies nativas e remo\u00e7\u00e3o de plantas invasoras.<\/p>\n<p>Criado em 2001, o parque \u00e9 uma unidade de conserva\u00e7\u00e3o que protege um ecossistema \u00fanico de manguezal hipersalino \u00e0s margens da Lagoa de Araruama. Com cerca de 215 mil m\u00b2, o local se consolidou como \u00e1rea de lazer, contempla\u00e7\u00e3o e aprendizado ambiental.<\/p>\n<p>Localizado na Avenida Wilson Mendes, no bairro Porto do Carro, o parque oferece visitas guiadas de segunda a s\u00e1bado, das 8h30 \u00e0s 12h e das 14h \u00e0s 17h, e aos domingos, das 8h \u00e0s 12h, mediante agendamento pelo e-mail <a href=\"mailto:pnmdg.visitas@gmail.com\">pnmdg.visitas@gmail.com<\/a><\/p>\n","protected":false},"excerpt":{"rendered":"<p>O Parque Natural Municipal Dormit\u00f3rio das Gar\u00e7as Walter Bessa, um dos principais patrim\u00f4nios ambientais de Cabo Frio, recebeu novas placas de orienta\u00e7\u00e3o e conscientiza\u00e7\u00e3o. A Prefeitura, por meio da Secretaria de Meio Ambiente, Saneamento e Clima, promoveu a instala\u00e7\u00e3o com o objetivo de fortalecer a conserva\u00e7\u00e3o, organizar o espa\u00e7o e incentivar pr\u00e1ticas de turismo sustent\u00e1vel. [&hellip;]<\/p>\n","protected":false},"author":2,"featured_media":22556,"comment_status":"open","ping_status":"open","sticky":true,"template":"","format":"standard","meta":{"footnotes":""},"categories":[340],"tags":[1896],"class_list":["post-22555","post","type-post","status-publish","format-standard","has-post-thumbnail","hentry","category-cabo-frio","tag-destaque"],"_links":{"self":[{"href":"https:\/\/blogdodanielgalvao.com.br\/site\/wp-json\/wp\/v2\/posts\/22555","targetHints":{"allow":["GET"]}}],"collection":[{"href":"https:\/\/blogdodanielgalvao.com.br\/site\/wp-json\/wp\/v2\/posts"}],"about":[{"href":"https:\/\/blogdodanielgalvao.com.br\/site\/wp-json\/wp\/v2\/types\/post"}],"author":[{"embeddable":true,"href":"https:\/\/blogdodanielgalvao.com.br\/site\/wp-json\/wp\/v2\/users\/2"}],"replies":[{"embeddable":true,"href":"https:\/\/blogdodanielgalvao.com.br\/site\/wp-json\/wp\/v2\/comments?post=22555"}],"version-history":[{"count":1,"href":"https:\/\/blogdodanielgalvao.com.br\/site\/wp-json\/wp\/v2\/posts\/22555\/revisions"}],"predecessor-version":[{"id":22558,"href":"https:\/\/blogdodanielgalvao.com.br\/site\/wp-json\/wp\/v2\/posts\/22555\/revisions\/22558"}],"wp:featuredmedia":[{"embeddable":true,"href":"https:\/\/blogdodanielgalvao.com.br\/site\/wp-json\/wp\/v2\/media\/22556"}],"wp:attachment":[{"href":"https:\/\/blogdodanielgalvao.com.br\/site\/wp-json\/wp\/v2\/media?parent=22555"}],"wp:term":[{"taxonomy":"category","embeddable":true,"href":"https:\/\/blogdodanielgalvao.com.br\/site\/wp-json\/wp\/v2\/categories?post=22555"},{"taxonomy":"post_tag","embeddable":true,"href":"https:\/\/blogdodanielgalvao.com.br\/site\/wp-json\/wp\/v2\/tags?post=22555"}],"curies":[{"name":"wp","href":"https:\/\/api.w.org\/{rel}","templated":true}]}}