{"id":22552,"date":"2025-08-20T16:41:40","date_gmt":"2025-08-20T19:41:40","guid":{"rendered":"https:\/\/blogdodanielgalvao.com.br\/site\/?p=22552"},"modified":"2025-08-20T16:41:40","modified_gmt":"2025-08-20T19:41:40","slug":"atividades-pedagogicas-marcam-semana-da-educacao-infantil-em-rio-das-ostras","status":"publish","type":"post","link":"https:\/\/blogdodanielgalvao.com.br\/site\/atividades-pedagogicas-marcam-semana-da-educacao-infantil-em-rio-das-ostras\/","title":{"rendered":"Atividades pedag\u00f3gicas marcam Semana da Educa\u00e7\u00e3o Infantil em Rio das Ostras"},"content":{"rendered":"<p>Iniciada nessa segunda-feira, 18, a X Semana de Pr\u00e1ticas Pedag\u00f3gicas da Educa\u00e7\u00e3o Infantil continua nessa semana em Rio das Ostras, reunindo trabalhos desenvolvidos nas creches e pr\u00e9-escolas da rede p\u00fablica municipal.<\/p>\n<p>Com o tema \u201cBrincar como pr\u00e1tica inclusiva na Educa\u00e7\u00e3o Infantil\u201d, o evento conta com a participa\u00e7\u00e3o das 26 unidades escolares de Educa\u00e7\u00e3o Infantil, e com uma programa\u00e7\u00e3o recheada de atra\u00e7\u00f5es para profissionais e alunos da rede.<\/p>\n<p>Nessa segunda, a abertura da programa\u00e7\u00e3o contou com uma palestra voltada para os profissionais que atuam no segmento, realizada na sede do N\u00facleo de Gest\u00e3o Pedag\u00f3gica (NUGEPE), na Extens\u00e3o do Bosque.<\/p>\n<p>O evento abordou estrat\u00e9gias educativas inclusivas, o planejamento intencional das pr\u00e1ticas l\u00fadicas, a adapta\u00e7\u00e3o de ambientes e materiais escolares, e o papel mediador do educador no processo de inclus\u00e3o.<\/p>\n<p>\u201cBrincar n\u00e3o \u00e9 s\u00f3 entretenimento e, sim, a ferramenta mais poderosa que a gente tem para garantir que todas as crian\u00e7as, sem exce\u00e7\u00e3o, se sintam pertencentes, acolhidas e capazes de se desenvolver. Com a palestra, os profissionais saem revigorados para planejar atividades intencionais e romper barreiras em busca de uma Educa\u00e7\u00e3o Infantil equ\u00e2nime\u201d, afirmou o professor e coordenador da rede p\u00fablica municipal, Iury Fagundes, que ministrou a palestra.<\/p>\n<p>Nessa ter\u00e7a e quarta-feira, dias 19 e 20, o palco do evento foi o Teatro Municipal Joel Barcellos, no Novo Rio das Ostras, que recebeu um encontro de compartilhamento de boas pr\u00e1ticas e a\u00e7\u00f5es utilizadas por professores das creches e pr\u00e9-escolas da rede.<\/p>\n<p>As atividades seguem nessa quarta-feira, 20, com conta\u00e7\u00e3o de hist\u00f3rias para os alunos tamb\u00e9m no Teatro Joel Barcellos, terminando a programa\u00e7\u00e3o nessa quinta e sexta-feira, dias 21 e 22, com atividades diversificadas nas unidades escolares.<\/p>\n<p>J\u00e1 tradicional na rede p\u00fablica municipal de ensino, o evento celebra a Semana Nacional da Educa\u00e7\u00e3o Infantil, institu\u00edda pela Lei Federal 12.602, de 2012, al\u00e9m de criar um espa\u00e7o de reflex\u00e3o coletiva sobre a import\u00e2ncia de garantir \u00e0s crian\u00e7as seus direitos a uma educa\u00e7\u00e3o de qualidade.<\/p>\n","protected":false},"excerpt":{"rendered":"<p>Iniciada nessa segunda-feira, 18, a X Semana de Pr\u00e1ticas Pedag\u00f3gicas da Educa\u00e7\u00e3o Infantil continua nessa semana em Rio das Ostras, reunindo trabalhos desenvolvidos nas creches e pr\u00e9-escolas da rede p\u00fablica municipal. Com o tema \u201cBrincar como pr\u00e1tica inclusiva na Educa\u00e7\u00e3o Infantil\u201d, o evento conta com a participa\u00e7\u00e3o das 26 unidades escolares de Educa\u00e7\u00e3o Infantil, e [&hellip;]<\/p>\n","protected":false},"author":2,"featured_media":22553,"comment_status":"open","ping_status":"open","sticky":true,"template":"","format":"standard","meta":{"footnotes":""},"categories":[2097],"tags":[2934],"class_list":["post-22552","post","type-post","status-publish","format-standard","has-post-thumbnail","hentry","category-educacao","tag-semana-da-educacao-infantil"],"_links":{"self":[{"href":"https:\/\/blogdodanielgalvao.com.br\/site\/wp-json\/wp\/v2\/posts\/22552","targetHints":{"allow":["GET"]}}],"collection":[{"href":"https:\/\/blogdodanielgalvao.com.br\/site\/wp-json\/wp\/v2\/posts"}],"about":[{"href":"https:\/\/blogdodanielgalvao.com.br\/site\/wp-json\/wp\/v2\/types\/post"}],"author":[{"embeddable":true,"href":"https:\/\/blogdodanielgalvao.com.br\/site\/wp-json\/wp\/v2\/users\/2"}],"replies":[{"embeddable":true,"href":"https:\/\/blogdodanielgalvao.com.br\/site\/wp-json\/wp\/v2\/comments?post=22552"}],"version-history":[{"count":1,"href":"https:\/\/blogdodanielgalvao.com.br\/site\/wp-json\/wp\/v2\/posts\/22552\/revisions"}],"predecessor-version":[{"id":22554,"href":"https:\/\/blogdodanielgalvao.com.br\/site\/wp-json\/wp\/v2\/posts\/22552\/revisions\/22554"}],"wp:featuredmedia":[{"embeddable":true,"href":"https:\/\/blogdodanielgalvao.com.br\/site\/wp-json\/wp\/v2\/media\/22553"}],"wp:attachment":[{"href":"https:\/\/blogdodanielgalvao.com.br\/site\/wp-json\/wp\/v2\/media?parent=22552"}],"wp:term":[{"taxonomy":"category","embeddable":true,"href":"https:\/\/blogdodanielgalvao.com.br\/site\/wp-json\/wp\/v2\/categories?post=22552"},{"taxonomy":"post_tag","embeddable":true,"href":"https:\/\/blogdodanielgalvao.com.br\/site\/wp-json\/wp\/v2\/tags?post=22552"}],"curies":[{"name":"wp","href":"https:\/\/api.w.org\/{rel}","templated":true}]}}