{"id":22549,"date":"2025-08-20T16:26:51","date_gmt":"2025-08-20T19:26:51","guid":{"rendered":"https:\/\/blogdodanielgalvao.com.br\/site\/?p=22549"},"modified":"2025-08-20T16:26:51","modified_gmt":"2025-08-20T19:26:51","slug":"rio-das-ostras-divulga-shows-do-ii-encontro-de-motorhome-que-comeca-nessa-quinta-21","status":"publish","type":"post","link":"https:\/\/blogdodanielgalvao.com.br\/site\/rio-das-ostras-divulga-shows-do-ii-encontro-de-motorhome-que-comeca-nessa-quinta-21\/","title":{"rendered":"Rio das Ostras divulga shows do II Encontro de Motorhome, que come\u00e7a nessa quinta (21)"},"content":{"rendered":"<p>A Prefeitura de Rio das Ostras divulgou a programa\u00e7\u00e3o completa de atra\u00e7\u00f5es do II Encontro de Motorhome, que come\u00e7a nessa quinta-feira, 21, e segue at\u00e9 domingo, 24, na \u00e1rea de eventos do antigo camping de Costazul.<\/p>\n<p>Ao todo, ser\u00e3o 4 dias de eventos com 8 bandas com mais de 10 horas de m\u00fasica ao vivo e gratuita, que prometem agradar a todos os gostos, passando por sertanejo, rock, pop e MPB, animando a 2\u00aa edi\u00e7\u00e3o do evento voltado para o chamado turismo de experi\u00eancia.<\/p>\n<p>Reunindo motorhomes, trailers e kombis, o II Encontro de Motorhome promete ainda aulas de zumba e um mapa tur\u00edstico com destaques da cidade, convidando os participantes a explorarem suas belezas naturais e culturais.<\/p>\n<p>Entre eles est\u00e3o a famosa Pra\u00e7a da Baleia, a Lagoa de Iriry, o Monumento Natural dos Cost\u00f5es Rochosos, o Parque dos P\u00e1ssaros e o s\u00edtio arqueol\u00f3gico Sambaqui da Tarioba, al\u00e9m da hist\u00f3rica Figueira Centen\u00e1ria.<\/p>\n<p>A programa\u00e7\u00e3o musical ser\u00e1 aberta nessa quinta-feira, com o show de Nika Alves a partir das 20h30, com DJs animando o p\u00fablico desde o in\u00edcio do evento, \u00e0s 18h30, e depois do show, a partir das 22h30.<\/p>\n<p>Na sexta, 22, ser\u00e3o 3 shows animando a noite, sempre a partir das 18h30, com as apresenta\u00e7\u00f5es da Banda Estilo Diversificado, da cantora Rafa Filgs, e do cantor Hiata, com os shows de s\u00e1bado, 23, por conta da dupla Milenna e Isabella, da cantora Lu Nunes, e da Banda Equalize, com o show de encerramento do evento no domingo, 24, \u00e0s 10h, com a Banda Dinassourus Du Rock.<\/p>\n","protected":false},"excerpt":{"rendered":"<p>A Prefeitura de Rio das Ostras divulgou a programa\u00e7\u00e3o completa de atra\u00e7\u00f5es do II Encontro de Motorhome, que come\u00e7a nessa quinta-feira, 21, e segue at\u00e9 domingo, 24, na \u00e1rea de eventos do antigo camping de Costazul. Ao todo, ser\u00e3o 4 dias de eventos com 8 bandas com mais de 10 horas de m\u00fasica ao vivo [&hellip;]<\/p>\n","protected":false},"author":2,"featured_media":22550,"comment_status":"open","ping_status":"open","sticky":true,"template":"","format":"standard","meta":{"footnotes":""},"categories":[1],"tags":[2933],"class_list":["post-22549","post","type-post","status-publish","format-standard","has-post-thumbnail","hentry","category-sem-categoria","tag-encontro-de-motorhome"],"_links":{"self":[{"href":"https:\/\/blogdodanielgalvao.com.br\/site\/wp-json\/wp\/v2\/posts\/22549","targetHints":{"allow":["GET"]}}],"collection":[{"href":"https:\/\/blogdodanielgalvao.com.br\/site\/wp-json\/wp\/v2\/posts"}],"about":[{"href":"https:\/\/blogdodanielgalvao.com.br\/site\/wp-json\/wp\/v2\/types\/post"}],"author":[{"embeddable":true,"href":"https:\/\/blogdodanielgalvao.com.br\/site\/wp-json\/wp\/v2\/users\/2"}],"replies":[{"embeddable":true,"href":"https:\/\/blogdodanielgalvao.com.br\/site\/wp-json\/wp\/v2\/comments?post=22549"}],"version-history":[{"count":1,"href":"https:\/\/blogdodanielgalvao.com.br\/site\/wp-json\/wp\/v2\/posts\/22549\/revisions"}],"predecessor-version":[{"id":22551,"href":"https:\/\/blogdodanielgalvao.com.br\/site\/wp-json\/wp\/v2\/posts\/22549\/revisions\/22551"}],"wp:featuredmedia":[{"embeddable":true,"href":"https:\/\/blogdodanielgalvao.com.br\/site\/wp-json\/wp\/v2\/media\/22550"}],"wp:attachment":[{"href":"https:\/\/blogdodanielgalvao.com.br\/site\/wp-json\/wp\/v2\/media?parent=22549"}],"wp:term":[{"taxonomy":"category","embeddable":true,"href":"https:\/\/blogdodanielgalvao.com.br\/site\/wp-json\/wp\/v2\/categories?post=22549"},{"taxonomy":"post_tag","embeddable":true,"href":"https:\/\/blogdodanielgalvao.com.br\/site\/wp-json\/wp\/v2\/tags?post=22549"}],"curies":[{"name":"wp","href":"https:\/\/api.w.org\/{rel}","templated":true}]}}