{"id":22546,"date":"2025-08-20T14:02:32","date_gmt":"2025-08-20T17:02:32","guid":{"rendered":"https:\/\/blogdodanielgalvao.com.br\/site\/?p=22546"},"modified":"2025-08-20T14:02:32","modified_gmt":"2025-08-20T17:02:32","slug":"demolicao-em-cabo-frio-no-hotel-acapulco-avanca-e-prepara-terreno-para-preservacao-ambiental","status":"publish","type":"post","link":"https:\/\/blogdodanielgalvao.com.br\/site\/demolicao-em-cabo-frio-no-hotel-acapulco-avanca-e-prepara-terreno-para-preservacao-ambiental\/","title":{"rendered":"Demoli\u00e7\u00e3o em Cabo Frio no Hotel Acapulco avan\u00e7a e prepara terreno para preserva\u00e7\u00e3o ambiental"},"content":{"rendered":"<p>Uma grande opera\u00e7\u00e3o de limpeza e retirada de entulho est\u00e1 em andamento nas ru\u00ednas do antigo Hotel Acapulco, localizado na Praia das Dunas, bairro Braga. A a\u00e7\u00e3o, iniciada em 13 de junho, \u00e9 conduzida pela Prefeitura de Cabo Frio, por meio da Comsercaf, e mobiliza equipes e equipamentos pesados para remover os res\u00edduos acumulados na \u00e1rea do pr\u00e9dio, abandonado h\u00e1 mais de dez anos.<\/p>\n<p>At\u00e9 o momento, cerca de 500 caminh\u00f5es j\u00e1 foram carregados com materiais da antiga constru\u00e7\u00e3o. A opera\u00e7\u00e3o n\u00e3o tem prazo definido para terminar, devido ao volume expressivo de entulho, \u00e0 complexidade log\u00edstica e aos cuidados necess\u00e1rios na movimenta\u00e7\u00e3o dos res\u00edduos.<\/p>\n<p>O Hotel Acapulco foi fechado oficialmente em 2013 e, desde ent\u00e3o, passou a simbolizar abandono e inseguran\u00e7a para moradores e visitantes. A estrutura deteriorada chegou a ser ocupada irregularmente, servindo de abrigo para usu\u00e1rios de drogas, al\u00e9m de oferecer riscos de desabamento e inc\u00eandio.<\/p>\n<p>Ap\u00f3s anos de disputas judiciais, a demoli\u00e7\u00e3o come\u00e7ou em fevereiro de 2025, seguindo determina\u00e7\u00e3o da Justi\u00e7a Federal em a\u00e7\u00e3o do Minist\u00e9rio P\u00fablico Federal. O pr\u00e9dio estava situado em \u00e1rea de prote\u00e7\u00e3o ambiental, com dunas e restinga, o que refor\u00e7ou a necessidade de sua remo\u00e7\u00e3o.<\/p>\n<p>Com a derrubada, a Prefeitura busca recuperar a \u00e1rea, evitar ocupa\u00e7\u00f5es irregulares e preservar o meio ambiente local, transformando um espa\u00e7o de risco em um ponto mais seguro e sustent\u00e1vel para\u00a0a\u00a0comunidade.<\/p>\n","protected":false},"excerpt":{"rendered":"<p>Uma grande opera\u00e7\u00e3o de limpeza e retirada de entulho est\u00e1 em andamento nas ru\u00ednas do antigo Hotel Acapulco, localizado na Praia das Dunas, bairro Braga. A a\u00e7\u00e3o, iniciada em 13 de junho, \u00e9 conduzida pela Prefeitura de Cabo Frio, por meio da Comsercaf, e mobiliza equipes e equipamentos pesados para remover os res\u00edduos acumulados na [&hellip;]<\/p>\n","protected":false},"author":2,"featured_media":22547,"comment_status":"open","ping_status":"open","sticky":true,"template":"","format":"standard","meta":{"footnotes":""},"categories":[340],"tags":[1896],"class_list":["post-22546","post","type-post","status-publish","format-standard","has-post-thumbnail","hentry","category-cabo-frio","tag-destaque"],"_links":{"self":[{"href":"https:\/\/blogdodanielgalvao.com.br\/site\/wp-json\/wp\/v2\/posts\/22546","targetHints":{"allow":["GET"]}}],"collection":[{"href":"https:\/\/blogdodanielgalvao.com.br\/site\/wp-json\/wp\/v2\/posts"}],"about":[{"href":"https:\/\/blogdodanielgalvao.com.br\/site\/wp-json\/wp\/v2\/types\/post"}],"author":[{"embeddable":true,"href":"https:\/\/blogdodanielgalvao.com.br\/site\/wp-json\/wp\/v2\/users\/2"}],"replies":[{"embeddable":true,"href":"https:\/\/blogdodanielgalvao.com.br\/site\/wp-json\/wp\/v2\/comments?post=22546"}],"version-history":[{"count":1,"href":"https:\/\/blogdodanielgalvao.com.br\/site\/wp-json\/wp\/v2\/posts\/22546\/revisions"}],"predecessor-version":[{"id":22548,"href":"https:\/\/blogdodanielgalvao.com.br\/site\/wp-json\/wp\/v2\/posts\/22546\/revisions\/22548"}],"wp:featuredmedia":[{"embeddable":true,"href":"https:\/\/blogdodanielgalvao.com.br\/site\/wp-json\/wp\/v2\/media\/22547"}],"wp:attachment":[{"href":"https:\/\/blogdodanielgalvao.com.br\/site\/wp-json\/wp\/v2\/media?parent=22546"}],"wp:term":[{"taxonomy":"category","embeddable":true,"href":"https:\/\/blogdodanielgalvao.com.br\/site\/wp-json\/wp\/v2\/categories?post=22546"},{"taxonomy":"post_tag","embeddable":true,"href":"https:\/\/blogdodanielgalvao.com.br\/site\/wp-json\/wp\/v2\/tags?post=22546"}],"curies":[{"name":"wp","href":"https:\/\/api.w.org\/{rel}","templated":true}]}}